{"id":1331,"date":"2013-10-08T07:52:14","date_gmt":"2013-10-08T05:52:14","guid":{"rendered":"http:\/\/www.rubau.com\/rubau-se-hace-con-parte-de-los-trabajos-del-corredor-ferreo-colombiano-2\/"},"modified":"2016-04-26T13:32:39","modified_gmt":"2016-04-26T11:32:39","slug":"rubau-aconsegueix-part-dels-treballs-del-corredor-ferri-colombia","status":"publish","type":"post","link":"https:\/\/www.rubau.com\/ca\/rubau-aconsegueix-part-dels-treballs-del-corredor-ferri-colombia\/","title":{"rendered":"Rubau aconsegueix part dels treballs del corredor ferri colombi\u00e0"},"content":{"rendered":"<p>L\u2019Ag\u00e8ncia Nacional d\u2019Infraestructura (ANI) de Col\u00f2mbia ha adjudicat fa poc la reparaci\u00f3 del corredor ferri La Dorada &#8211; Chiriguan\u00e1 al consorci Uni\u00f3n Temporal Ferroviaria Central, del qual Rubau forma part. Es tracta d\u2019una obra ferrovi\u00e0ria important d\u2019aproximadament 32 milions d\u2019euros i 24 mesos d\u2019execuci\u00f3.<\/p>\n<p>L\u2019adjudicaci\u00f3 d\u2019aquest contracte, juntament amb un altre d\u2019un import similar relatiu al corredor Bogot\u00e0-Belencito, representa l\u2019inici de la consolidaci\u00f3 de les tres fases definides dins de l\u2019estrat\u00e8gia del Govern nacional i del Ministeri de Transport, a trav\u00e9s de l\u2019ANI, per reviure el tren a Col\u00f2mbia.<\/p>\n","protected":false},"excerpt":{"rendered":"<p>L\u2019Ag\u00e8ncia Nacional d\u2019Infraestructura (ANI) de Col\u00f2mbia ha adjudicat fa poc la reparaci\u00f3 del corredor ferri La Dorada &#8211; Chiriguan\u00e1 al consorci Uni\u00f3n Temporal Ferroviaria Central, del qual Rubau forma part. Es tracta d\u2019una obra ferrovi\u00e0ria important d\u2019aproximadament 32 milions d\u2019euros i 24 mesos d\u2019execuci\u00f3. L\u2019adjudicaci\u00f3 d\u2019aquest contracte, juntament amb un altre d\u2019un import similar relatiu [&hellip;]<\/p>\n","protected":false},"author":1,"featured_media":706,"comment_status":"closed","ping_status":"open","sticky":false,"template":"","format":"standard","meta":{"_acf_changed":false,"footnotes":""},"categories":[6],"tags":[],"class_list":["post-1331","post","type-post","status-publish","format-standard","has-post-thumbnail","hentry","category-noticies"],"acf":[],"yoast_head":"<!-- This site is optimized with the Yoast SEO plugin v26.5 - https:\/\/yoast.com\/wordpress\/plugins\/seo\/ -->\n<title>Rubau aconsegueix part dels treballs del corredor ferri colombi\u00e0 - Rubau<\/title>\n<meta name=\"robots\" content=\"index, follow, max-snippet:-1, max-image-preview:large, max-video-preview:-1\" \/>\n<link rel=\"canonical\" href=\"https:\/\/www.rubau.com\/ca\/rubau-aconsegueix-part-dels-treballs-del-corredor-ferri-colombia\/\" \/>\n<meta property=\"og:locale\" content=\"ca_ES\" \/>\n<meta property=\"og:type\" content=\"article\" \/>\n<meta property=\"og:title\" content=\"Rubau aconsegueix part dels treballs del corredor ferri colombi\u00e0 - Rubau\" \/>\n<meta property=\"og:description\" content=\"L\u2019Ag\u00e8ncia Nacional d\u2019Infraestructura (ANI) de Col\u00f2mbia ha adjudicat fa poc la reparaci\u00f3 del corredor ferri La Dorada &#8211; Chiriguan\u00e1 al consorci Uni\u00f3n Temporal Ferroviaria Central, del qual Rubau forma part. Es tracta d\u2019una obra ferrovi\u00e0ria important d\u2019aproximadament 32 milions d\u2019euros i 24 mesos d\u2019execuci\u00f3. L\u2019adjudicaci\u00f3 d\u2019aquest contracte, juntament amb un altre d\u2019un import similar relatiu [&hellip;]\" \/>\n<meta property=\"og:url\" content=\"https:\/\/www.rubau.com\/ca\/rubau-aconsegueix-part-dels-treballs-del-corredor-ferri-colombia\/\" \/>\n<meta property=\"og:site_name\" content=\"Rubau\" \/>\n<meta property=\"article:published_time\" content=\"2013-10-08T05:52:14+00:00\" \/>\n<meta property=\"article:modified_time\" content=\"2016-04-26T11:32:39+00:00\" \/>\n<meta property=\"og:image\" content=\"https:\/\/www.rubau.com\/wp-content\/uploads\/2015\/12\/9.jpg\" \/>\n\t<meta property=\"og:image:width\" content=\"511\" \/>\n\t<meta property=\"og:image:height\" content=\"384\" \/>\n\t<meta property=\"og:image:type\" content=\"image\/jpeg\" \/>\n<meta name=\"author\" content=\"789maysFi6IJ5pk\" \/>\n<meta name=\"twitter:card\" content=\"summary_large_image\" \/>\n<meta name=\"twitter:label1\" content=\"Escrit per\" \/>\n\t<meta name=\"twitter:data1\" content=\"789maysFi6IJ5pk\" \/>\n\t<meta name=\"twitter:label2\" content=\"Temps estimat de lectura\" \/>\n\t<meta name=\"twitter:data2\" content=\"1 minut\" \/>\n<script type=\"application\/ld+json\" class=\"yoast-schema-graph\">{\"@context\":\"https:\/\/schema.org\",\"@graph\":[{\"@type\":\"Article\",\"@id\":\"https:\/\/www.rubau.com\/ca\/rubau-aconsegueix-part-dels-treballs-del-corredor-ferri-colombia\/#article\",\"isPartOf\":{\"@id\":\"https:\/\/www.rubau.com\/ca\/rubau-aconsegueix-part-dels-treballs-del-corredor-ferri-colombia\/\"},\"author\":{\"name\":\"789maysFi6IJ5pk\",\"@id\":\"https:\/\/www.rubau.com\/#\/schema\/person\/e3264a55ec7aa20d1e8892d6bdfdf9ec\"},\"headline\":\"Rubau aconsegueix part dels treballs del corredor ferri colombi\u00e0\",\"datePublished\":\"2013-10-08T05:52:14+00:00\",\"dateModified\":\"2016-04-26T11:32:39+00:00\",\"mainEntityOfPage\":{\"@id\":\"https:\/\/www.rubau.com\/ca\/rubau-aconsegueix-part-dels-treballs-del-corredor-ferri-colombia\/\"},\"wordCount\":116,\"publisher\":{\"@id\":\"https:\/\/www.rubau.com\/#organization\"},\"image\":{\"@id\":\"https:\/\/www.rubau.com\/ca\/rubau-aconsegueix-part-dels-treballs-del-corredor-ferri-colombia\/#primaryimage\"},\"thumbnailUrl\":\"https:\/\/www.rubau.com\/wp-content\/uploads\/2015\/12\/9.jpg\",\"articleSection\":[\"Not\u00edcies\"],\"inLanguage\":\"ca\"},{\"@type\":\"WebPage\",\"@id\":\"https:\/\/www.rubau.com\/ca\/rubau-aconsegueix-part-dels-treballs-del-corredor-ferri-colombia\/\",\"url\":\"https:\/\/www.rubau.com\/ca\/rubau-aconsegueix-part-dels-treballs-del-corredor-ferri-colombia\/\",\"name\":\"Rubau aconsegueix part dels treballs del corredor ferri colombi\u00e0 - Rubau\",\"isPartOf\":{\"@id\":\"https:\/\/www.rubau.com\/#website\"},\"primaryImageOfPage\":{\"@id\":\"https:\/\/www.rubau.com\/ca\/rubau-aconsegueix-part-dels-treballs-del-corredor-ferri-colombia\/#primaryimage\"},\"image\":{\"@id\":\"https:\/\/www.rubau.com\/ca\/rubau-aconsegueix-part-dels-treballs-del-corredor-ferri-colombia\/#primaryimage\"},\"thumbnailUrl\":\"https:\/\/www.rubau.com\/wp-content\/uploads\/2015\/12\/9.jpg\",\"datePublished\":\"2013-10-08T05:52:14+00:00\",\"dateModified\":\"2016-04-26T11:32:39+00:00\",\"breadcrumb\":{\"@id\":\"https:\/\/www.rubau.com\/ca\/rubau-aconsegueix-part-dels-treballs-del-corredor-ferri-colombia\/#breadcrumb\"},\"inLanguage\":\"ca\",\"potentialAction\":[{\"@type\":\"ReadAction\",\"target\":[\"https:\/\/www.rubau.com\/ca\/rubau-aconsegueix-part-dels-treballs-del-corredor-ferri-colombia\/\"]}]},{\"@type\":\"ImageObject\",\"inLanguage\":\"ca\",\"@id\":\"https:\/\/www.rubau.com\/ca\/rubau-aconsegueix-part-dels-treballs-del-corredor-ferri-colombia\/#primaryimage\",\"url\":\"https:\/\/www.rubau.com\/wp-content\/uploads\/2015\/12\/9.jpg\",\"contentUrl\":\"https:\/\/www.rubau.com\/wp-content\/uploads\/2015\/12\/9.jpg\",\"width\":511,\"height\":384},{\"@type\":\"BreadcrumbList\",\"@id\":\"https:\/\/www.rubau.com\/ca\/rubau-aconsegueix-part-dels-treballs-del-corredor-ferri-colombia\/#breadcrumb\",\"itemListElement\":[{\"@type\":\"ListItem\",\"position\":1,\"name\":\"Portada\",\"item\":\"https:\/\/www.rubau.com\/\"},{\"@type\":\"ListItem\",\"position\":2,\"name\":\"Rubau aconsegueix part dels treballs del corredor ferri colombi\u00e0\"}]},{\"@type\":\"WebSite\",\"@id\":\"https:\/\/www.rubau.com\/#website\",\"url\":\"https:\/\/www.rubau.com\/\",\"name\":\"Rubau\",\"description\":\"Construccions RUBAU\",\"publisher\":{\"@id\":\"https:\/\/www.rubau.com\/#organization\"},\"potentialAction\":[{\"@type\":\"SearchAction\",\"target\":{\"@type\":\"EntryPoint\",\"urlTemplate\":\"https:\/\/www.rubau.com\/?s={search_term_string}\"},\"query-input\":{\"@type\":\"PropertyValueSpecification\",\"valueRequired\":true,\"valueName\":\"search_term_string\"}}],\"inLanguage\":\"ca\"},{\"@type\":\"Organization\",\"@id\":\"https:\/\/www.rubau.com\/#organization\",\"name\":\"Rubau\",\"url\":\"https:\/\/www.rubau.com\/\",\"logo\":{\"@type\":\"ImageObject\",\"inLanguage\":\"ca\",\"@id\":\"https:\/\/www.rubau.com\/#\/schema\/logo\/image\/\",\"url\":\"https:\/\/www.rubau.com\/wp-content\/uploads\/2024\/10\/Logo-CONSTRUCCIONS-RUBAU-ES1.png\",\"contentUrl\":\"https:\/\/www.rubau.com\/wp-content\/uploads\/2024\/10\/Logo-CONSTRUCCIONS-RUBAU-ES1.png\",\"width\":1010,\"height\":200,\"caption\":\"Rubau\"},\"image\":{\"@id\":\"https:\/\/www.rubau.com\/#\/schema\/logo\/image\/\"},\"sameAs\":[\"https:\/\/www.instagram.com\/construcciones_rubau\/\",\"https:\/\/www.linkedin.com\/company\/construcciones-rubau-s.a.\"]},{\"@type\":\"Person\",\"@id\":\"https:\/\/www.rubau.com\/#\/schema\/person\/e3264a55ec7aa20d1e8892d6bdfdf9ec\",\"name\":\"789maysFi6IJ5pk\",\"image\":{\"@type\":\"ImageObject\",\"inLanguage\":\"ca\",\"@id\":\"https:\/\/www.rubau.com\/#\/schema\/person\/image\/\",\"url\":\"https:\/\/secure.gravatar.com\/avatar\/5209968e1586048c9fb84b6d730047ebc5622fca755af8dac8aeacbdbcb85cb0?s=96&d=mm&r=g\",\"contentUrl\":\"https:\/\/secure.gravatar.com\/avatar\/5209968e1586048c9fb84b6d730047ebc5622fca755af8dac8aeacbdbcb85cb0?s=96&d=mm&r=g\",\"caption\":\"789maysFi6IJ5pk\"},\"url\":\"https:\/\/www.rubau.com\/ca\/author\/789maysfi6ij5pk\/\"}]}<\/script>\n<!-- \/ Yoast SEO plugin. -->","yoast_head_json":{"title":"Rubau aconsegueix part dels treballs del corredor ferri colombi\u00e0 - Rubau","robots":{"index":"index","follow":"follow","max-snippet":"max-snippet:-1","max-image-preview":"max-image-preview:large","max-video-preview":"max-video-preview:-1"},"canonical":"https:\/\/www.rubau.com\/ca\/rubau-aconsegueix-part-dels-treballs-del-corredor-ferri-colombia\/","og_locale":"ca_ES","og_type":"article","og_title":"Rubau aconsegueix part dels treballs del corredor ferri colombi\u00e0 - Rubau","og_description":"L\u2019Ag\u00e8ncia Nacional d\u2019Infraestructura (ANI) de Col\u00f2mbia ha adjudicat fa poc la reparaci\u00f3 del corredor ferri La Dorada &#8211; Chiriguan\u00e1 al consorci Uni\u00f3n Temporal Ferroviaria Central, del qual Rubau forma part. Es tracta d\u2019una obra ferrovi\u00e0ria important d\u2019aproximadament 32 milions d\u2019euros i 24 mesos d\u2019execuci\u00f3. L\u2019adjudicaci\u00f3 d\u2019aquest contracte, juntament amb un altre d\u2019un import similar relatiu [&hellip;]","og_url":"https:\/\/www.rubau.com\/ca\/rubau-aconsegueix-part-dels-treballs-del-corredor-ferri-colombia\/","og_site_name":"Rubau","article_published_time":"2013-10-08T05:52:14+00:00","article_modified_time":"2016-04-26T11:32:39+00:00","og_image":[{"width":511,"height":384,"url":"https:\/\/www.rubau.com\/wp-content\/uploads\/2015\/12\/9.jpg","type":"image\/jpeg"}],"author":"789maysFi6IJ5pk","twitter_card":"summary_large_image","twitter_misc":{"Escrit per":"789maysFi6IJ5pk","Temps estimat de lectura":"1 minut"},"schema":{"@context":"https:\/\/schema.org","@graph":[{"@type":"Article","@id":"https:\/\/www.rubau.com\/ca\/rubau-aconsegueix-part-dels-treballs-del-corredor-ferri-colombia\/#article","isPartOf":{"@id":"https:\/\/www.rubau.com\/ca\/rubau-aconsegueix-part-dels-treballs-del-corredor-ferri-colombia\/"},"author":{"name":"789maysFi6IJ5pk","@id":"https:\/\/www.rubau.com\/#\/schema\/person\/e3264a55ec7aa20d1e8892d6bdfdf9ec"},"headline":"Rubau aconsegueix part dels treballs del corredor ferri colombi\u00e0","datePublished":"2013-10-08T05:52:14+00:00","dateModified":"2016-04-26T11:32:39+00:00","mainEntityOfPage":{"@id":"https:\/\/www.rubau.com\/ca\/rubau-aconsegueix-part-dels-treballs-del-corredor-ferri-colombia\/"},"wordCount":116,"publisher":{"@id":"https:\/\/www.rubau.com\/#organization"},"image":{"@id":"https:\/\/www.rubau.com\/ca\/rubau-aconsegueix-part-dels-treballs-del-corredor-ferri-colombia\/#primaryimage"},"thumbnailUrl":"https:\/\/www.rubau.com\/wp-content\/uploads\/2015\/12\/9.jpg","articleSection":["Not\u00edcies"],"inLanguage":"ca"},{"@type":"WebPage","@id":"https:\/\/www.rubau.com\/ca\/rubau-aconsegueix-part-dels-treballs-del-corredor-ferri-colombia\/","url":"https:\/\/www.rubau.com\/ca\/rubau-aconsegueix-part-dels-treballs-del-corredor-ferri-colombia\/","name":"Rubau aconsegueix part dels treballs del corredor ferri colombi\u00e0 - Rubau","isPartOf":{"@id":"https:\/\/www.rubau.com\/#website"},"primaryImageOfPage":{"@id":"https:\/\/www.rubau.com\/ca\/rubau-aconsegueix-part-dels-treballs-del-corredor-ferri-colombia\/#primaryimage"},"image":{"@id":"https:\/\/www.rubau.com\/ca\/rubau-aconsegueix-part-dels-treballs-del-corredor-ferri-colombia\/#primaryimage"},"thumbnailUrl":"https:\/\/www.rubau.com\/wp-content\/uploads\/2015\/12\/9.jpg","datePublished":"2013-10-08T05:52:14+00:00","dateModified":"2016-04-26T11:32:39+00:00","breadcrumb":{"@id":"https:\/\/www.rubau.com\/ca\/rubau-aconsegueix-part-dels-treballs-del-corredor-ferri-colombia\/#breadcrumb"},"inLanguage":"ca","potentialAction":[{"@type":"ReadAction","target":["https:\/\/www.rubau.com\/ca\/rubau-aconsegueix-part-dels-treballs-del-corredor-ferri-colombia\/"]}]},{"@type":"ImageObject","inLanguage":"ca","@id":"https:\/\/www.rubau.com\/ca\/rubau-aconsegueix-part-dels-treballs-del-corredor-ferri-colombia\/#primaryimage","url":"https:\/\/www.rubau.com\/wp-content\/uploads\/2015\/12\/9.jpg","contentUrl":"https:\/\/www.rubau.com\/wp-content\/uploads\/2015\/12\/9.jpg","width":511,"height":384},{"@type":"BreadcrumbList","@id":"https:\/\/www.rubau.com\/ca\/rubau-aconsegueix-part-dels-treballs-del-corredor-ferri-colombia\/#breadcrumb","itemListElement":[{"@type":"ListItem","position":1,"name":"Portada","item":"https:\/\/www.rubau.com\/"},{"@type":"ListItem","position":2,"name":"Rubau aconsegueix part dels treballs del corredor ferri colombi\u00e0"}]},{"@type":"WebSite","@id":"https:\/\/www.rubau.com\/#website","url":"https:\/\/www.rubau.com\/","name":"Rubau","description":"Construccions RUBAU","publisher":{"@id":"https:\/\/www.rubau.com\/#organization"},"potentialAction":[{"@type":"SearchAction","target":{"@type":"EntryPoint","urlTemplate":"https:\/\/www.rubau.com\/?s={search_term_string}"},"query-input":{"@type":"PropertyValueSpecification","valueRequired":true,"valueName":"search_term_string"}}],"inLanguage":"ca"},{"@type":"Organization","@id":"https:\/\/www.rubau.com\/#organization","name":"Rubau","url":"https:\/\/www.rubau.com\/","logo":{"@type":"ImageObject","inLanguage":"ca","@id":"https:\/\/www.rubau.com\/#\/schema\/logo\/image\/","url":"https:\/\/www.rubau.com\/wp-content\/uploads\/2024\/10\/Logo-CONSTRUCCIONS-RUBAU-ES1.png","contentUrl":"https:\/\/www.rubau.com\/wp-content\/uploads\/2024\/10\/Logo-CONSTRUCCIONS-RUBAU-ES1.png","width":1010,"height":200,"caption":"Rubau"},"image":{"@id":"https:\/\/www.rubau.com\/#\/schema\/logo\/image\/"},"sameAs":["https:\/\/www.instagram.com\/construcciones_rubau\/","https:\/\/www.linkedin.com\/company\/construcciones-rubau-s.a."]},{"@type":"Person","@id":"https:\/\/www.rubau.com\/#\/schema\/person\/e3264a55ec7aa20d1e8892d6bdfdf9ec","name":"789maysFi6IJ5pk","image":{"@type":"ImageObject","inLanguage":"ca","@id":"https:\/\/www.rubau.com\/#\/schema\/person\/image\/","url":"https:\/\/secure.gravatar.com\/avatar\/5209968e1586048c9fb84b6d730047ebc5622fca755af8dac8aeacbdbcb85cb0?s=96&d=mm&r=g","contentUrl":"https:\/\/secure.gravatar.com\/avatar\/5209968e1586048c9fb84b6d730047ebc5622fca755af8dac8aeacbdbcb85cb0?s=96&d=mm&r=g","caption":"789maysFi6IJ5pk"},"url":"https:\/\/www.rubau.com\/ca\/author\/789maysfi6ij5pk\/"}]}},"_links":{"self":[{"href":"https:\/\/www.rubau.com\/ca\/wp-json\/wp\/v2\/posts\/1331","targetHints":{"allow":["GET"]}}],"collection":[{"href":"https:\/\/www.rubau.com\/ca\/wp-json\/wp\/v2\/posts"}],"about":[{"href":"https:\/\/www.rubau.com\/ca\/wp-json\/wp\/v2\/types\/post"}],"author":[{"embeddable":true,"href":"https:\/\/www.rubau.com\/ca\/wp-json\/wp\/v2\/users\/1"}],"replies":[{"embeddable":true,"href":"https:\/\/www.rubau.com\/ca\/wp-json\/wp\/v2\/comments?post=1331"}],"version-history":[{"count":1,"href":"https:\/\/www.rubau.com\/ca\/wp-json\/wp\/v2\/posts\/1331\/revisions"}],"predecessor-version":[{"id":1334,"href":"https:\/\/www.rubau.com\/ca\/wp-json\/wp\/v2\/posts\/1331\/revisions\/1334"}],"wp:featuredmedia":[{"embeddable":true,"href":"https:\/\/www.rubau.com\/ca\/wp-json\/wp\/v2\/media\/706"}],"wp:attachment":[{"href":"https:\/\/www.rubau.com\/ca\/wp-json\/wp\/v2\/media?parent=1331"}],"wp:term":[{"taxonomy":"category","embeddable":true,"href":"https:\/\/www.rubau.com\/ca\/wp-json\/wp\/v2\/categories?post=1331"},{"taxonomy":"post_tag","embeddable":true,"href":"https:\/\/www.rubau.com\/ca\/wp-json\/wp\/v2\/tags?post=1331"}],"curies":[{"name":"wp","href":"https:\/\/api.w.org\/{rel}","templated":true}]}}