{"id":1344,"date":"2013-10-02T05:56:43","date_gmt":"2013-10-02T03:56:43","guid":{"rendered":"http:\/\/www.rubau.com\/rubau-ha-sido-escogida-para-participar-en-los-procedimientos-de-contratacion-de-las-macro-concesiones-colombianas-2\/"},"modified":"2016-04-26T13:38:51","modified_gmt":"2016-04-26T11:38:51","slug":"rubau-ha-estat-escollida-per-participar-en-els-procediments-de-contractacio-de-les-macroconcessions-colombianes","status":"publish","type":"post","link":"https:\/\/www.rubau.com\/ca\/rubau-ha-estat-escollida-per-participar-en-els-procediments-de-contractacio-de-les-macroconcessions-colombianes\/","title":{"rendered":"Rubau ha estat escollida per participar en els procediments de contractaci\u00f3 de les macroconcessions colombianes"},"content":{"rendered":"<p>Dins el programa de concessions de Quarta Generaci\u00f3 (4G), engegat a iniciativa del Govern colombi\u00e0, Construcciones Rubau, S.A., s\u2019ha prequalificat per poder licitar el projecte Cartagena-Barranquilla i Circunvalar de la Prosperidad. El projecte consisteix en la construcci\u00f3 d\u2019una autopista amb les especificacions t\u00e8cniques m\u00e9s modernes, que compr\u00e8n la rehabilitaci\u00f3, la construcci\u00f3, l\u2019ampliaci\u00f3 i el manteniment de 146,7 km. El projecte est\u00e0 format pel tram 1, de 110 km de via entre Cartagena i Barranquilla, i el tram 2, de 36,7 km entre Malambo i Las Flores, conegut en castell\u00e0 com <em>Circunvalar de la Prosperidad<\/em>. L\u2019obra demanar\u00e0 una inversi\u00f3 inicialment estimada en 520 milions d\u2019euros.<\/p>\n<p>Igualment, dins del programa Autopistes per a la prosperitat, que es desenvolupa en aproximadament 900 km de longitud vi\u00e0ria intervinguts i m\u00e9s de 1.200 km en operaci\u00f3 dins el departament d\u2019Antioquia, que abra\u00e7a gran part de la regi\u00f3 nord-oest del pa\u00eds, Construcciones Rubau, S.A., ha resultat prequalificada en tres dels processos avan\u00e7ats en la primera etapa del programa que preveu en aquesta fase la construcci\u00f3 de cinc carreteres, a m\u00e9s de l\u2019explotaci\u00f3 posterior durant 25 anys, per un pressupost de 3.150 milions de d\u00f2lars. Els processos en els quals Rubau ha resultat prequalificada s\u00f3n:<\/p>\n<ul>\n<li>Connexi\u00f3 Pac\u00edfic 1: tra\u00e7at Anc\u00f3n Sur &#8211; Camilo Ce &#8211; Bolombolo, de 46 km de longitud, dels quals 21 km s\u00f3n de nova construcci\u00f3, incloent-hi dos t\u00fanels i 20 ponts, i 25 km corresponen al manteniment de carreteres ja en operaci\u00f3, pressupostat en 790 milions d\u2019euros.<\/li>\n<li>Connexi\u00f3 Pac\u00edfic 2: tra\u00e7at Bolombolo &#8211; La Pintada &#8211; Primavera, de 95 km de longitud i pressupostat en 390 milions d\u2019euros, incloent-hi la construcci\u00f3 de 33 ponts i un t\u00fanel.<\/li>\n<li>Connexi\u00f3 Pac\u00edfic 3: tra\u00e7at La Pintada &#8211; La Manuela &#8211; La Virginia. Aquest tram d\u2019autopista suma 231 km de longitud, inclou la construcci\u00f3 de 26 ponts i tres t\u00fanels i presenta un pressupost de 490 milions d\u2019euros.<\/li>\n<\/ul>\n","protected":false},"excerpt":{"rendered":"<p>Dins el programa de concessions de Quarta Generaci\u00f3 (4G), engegat a iniciativa del Govern colombi\u00e0, Construcciones Rubau, S.A., s\u2019ha prequalificat per poder licitar el projecte Cartagena-Barranquilla i Circunvalar de la Prosperidad. El projecte consisteix en la construcci\u00f3 d\u2019una autopista amb les especificacions t\u00e8cniques m\u00e9s modernes, que compr\u00e8n la rehabilitaci\u00f3, la construcci\u00f3, l\u2019ampliaci\u00f3 i el manteniment [&hellip;]<\/p>\n","protected":false},"author":1,"featured_media":714,"comment_status":"closed","ping_status":"open","sticky":false,"template":"","format":"standard","meta":{"_acf_changed":false,"footnotes":""},"categories":[6],"tags":[],"class_list":["post-1344","post","type-post","status-publish","format-standard","has-post-thumbnail","hentry","category-noticies"],"acf":[],"yoast_head":"<!-- This site is optimized with the Yoast SEO plugin v26.5 - https:\/\/yoast.com\/wordpress\/plugins\/seo\/ -->\n<title>Rubau ha estat escollida per participar en els procediments de contractaci\u00f3 de les macroconcessions colombianes - Rubau<\/title>\n<meta name=\"robots\" content=\"index, follow, max-snippet:-1, max-image-preview:large, max-video-preview:-1\" \/>\n<link rel=\"canonical\" href=\"https:\/\/www.rubau.com\/ca\/rubau-ha-estat-escollida-per-participar-en-els-procediments-de-contractacio-de-les-macroconcessions-colombianes\/\" \/>\n<meta property=\"og:locale\" content=\"ca_ES\" \/>\n<meta property=\"og:type\" content=\"article\" \/>\n<meta property=\"og:title\" content=\"Rubau ha estat escollida per participar en els procediments de contractaci\u00f3 de les macroconcessions colombianes - Rubau\" \/>\n<meta property=\"og:description\" content=\"Dins el programa de concessions de Quarta Generaci\u00f3 (4G), engegat a iniciativa del Govern colombi\u00e0, Construcciones Rubau, S.A., s\u2019ha prequalificat per poder licitar el projecte Cartagena-Barranquilla i Circunvalar de la Prosperidad. El projecte consisteix en la construcci\u00f3 d\u2019una autopista amb les especificacions t\u00e8cniques m\u00e9s modernes, que compr\u00e8n la rehabilitaci\u00f3, la construcci\u00f3, l\u2019ampliaci\u00f3 i el manteniment [&hellip;]\" \/>\n<meta property=\"og:url\" content=\"https:\/\/www.rubau.com\/ca\/rubau-ha-estat-escollida-per-participar-en-els-procediments-de-contractacio-de-les-macroconcessions-colombianes\/\" \/>\n<meta property=\"og:site_name\" content=\"Rubau\" \/>\n<meta property=\"article:published_time\" content=\"2013-10-02T03:56:43+00:00\" \/>\n<meta property=\"article:modified_time\" content=\"2016-04-26T11:38:51+00:00\" \/>\n<meta property=\"og:image\" content=\"https:\/\/www.rubau.com\/wp-content\/uploads\/2015\/12\/6.gif\" \/>\n\t<meta property=\"og:image:width\" content=\"495\" \/>\n\t<meta property=\"og:image:height\" content=\"397\" \/>\n\t<meta property=\"og:image:type\" content=\"image\/gif\" \/>\n<meta name=\"author\" content=\"789maysFi6IJ5pk\" \/>\n<meta name=\"twitter:card\" content=\"summary_large_image\" \/>\n<meta name=\"twitter:label1\" content=\"Escrit per\" \/>\n\t<meta name=\"twitter:data1\" content=\"789maysFi6IJ5pk\" \/>\n\t<meta name=\"twitter:label2\" content=\"Temps estimat de lectura\" \/>\n\t<meta name=\"twitter:data2\" content=\"2 minuts\" \/>\n<script type=\"application\/ld+json\" class=\"yoast-schema-graph\">{\"@context\":\"https:\/\/schema.org\",\"@graph\":[{\"@type\":\"Article\",\"@id\":\"https:\/\/www.rubau.com\/ca\/rubau-ha-estat-escollida-per-participar-en-els-procediments-de-contractacio-de-les-macroconcessions-colombianes\/#article\",\"isPartOf\":{\"@id\":\"https:\/\/www.rubau.com\/ca\/rubau-ha-estat-escollida-per-participar-en-els-procediments-de-contractacio-de-les-macroconcessions-colombianes\/\"},\"author\":{\"name\":\"789maysFi6IJ5pk\",\"@id\":\"https:\/\/www.rubau.com\/#\/schema\/person\/e3264a55ec7aa20d1e8892d6bdfdf9ec\"},\"headline\":\"Rubau ha estat escollida per participar en els procediments de contractaci\u00f3 de les macroconcessions colombianes\",\"datePublished\":\"2013-10-02T03:56:43+00:00\",\"dateModified\":\"2016-04-26T11:38:51+00:00\",\"mainEntityOfPage\":{\"@id\":\"https:\/\/www.rubau.com\/ca\/rubau-ha-estat-escollida-per-participar-en-els-procediments-de-contractacio-de-les-macroconcessions-colombianes\/\"},\"wordCount\":337,\"publisher\":{\"@id\":\"https:\/\/www.rubau.com\/#organization\"},\"image\":{\"@id\":\"https:\/\/www.rubau.com\/ca\/rubau-ha-estat-escollida-per-participar-en-els-procediments-de-contractacio-de-les-macroconcessions-colombianes\/#primaryimage\"},\"thumbnailUrl\":\"https:\/\/www.rubau.com\/wp-content\/uploads\/2015\/12\/6.gif\",\"articleSection\":[\"Not\u00edcies\"],\"inLanguage\":\"ca\"},{\"@type\":\"WebPage\",\"@id\":\"https:\/\/www.rubau.com\/ca\/rubau-ha-estat-escollida-per-participar-en-els-procediments-de-contractacio-de-les-macroconcessions-colombianes\/\",\"url\":\"https:\/\/www.rubau.com\/ca\/rubau-ha-estat-escollida-per-participar-en-els-procediments-de-contractacio-de-les-macroconcessions-colombianes\/\",\"name\":\"Rubau ha estat escollida per participar en els procediments de contractaci\u00f3 de les macroconcessions colombianes - Rubau\",\"isPartOf\":{\"@id\":\"https:\/\/www.rubau.com\/#website\"},\"primaryImageOfPage\":{\"@id\":\"https:\/\/www.rubau.com\/ca\/rubau-ha-estat-escollida-per-participar-en-els-procediments-de-contractacio-de-les-macroconcessions-colombianes\/#primaryimage\"},\"image\":{\"@id\":\"https:\/\/www.rubau.com\/ca\/rubau-ha-estat-escollida-per-participar-en-els-procediments-de-contractacio-de-les-macroconcessions-colombianes\/#primaryimage\"},\"thumbnailUrl\":\"https:\/\/www.rubau.com\/wp-content\/uploads\/2015\/12\/6.gif\",\"datePublished\":\"2013-10-02T03:56:43+00:00\",\"dateModified\":\"2016-04-26T11:38:51+00:00\",\"breadcrumb\":{\"@id\":\"https:\/\/www.rubau.com\/ca\/rubau-ha-estat-escollida-per-participar-en-els-procediments-de-contractacio-de-les-macroconcessions-colombianes\/#breadcrumb\"},\"inLanguage\":\"ca\",\"potentialAction\":[{\"@type\":\"ReadAction\",\"target\":[\"https:\/\/www.rubau.com\/ca\/rubau-ha-estat-escollida-per-participar-en-els-procediments-de-contractacio-de-les-macroconcessions-colombianes\/\"]}]},{\"@type\":\"ImageObject\",\"inLanguage\":\"ca\",\"@id\":\"https:\/\/www.rubau.com\/ca\/rubau-ha-estat-escollida-per-participar-en-els-procediments-de-contractacio-de-les-macroconcessions-colombianes\/#primaryimage\",\"url\":\"https:\/\/www.rubau.com\/wp-content\/uploads\/2015\/12\/6.gif\",\"contentUrl\":\"https:\/\/www.rubau.com\/wp-content\/uploads\/2015\/12\/6.gif\",\"width\":495,\"height\":397},{\"@type\":\"BreadcrumbList\",\"@id\":\"https:\/\/www.rubau.com\/ca\/rubau-ha-estat-escollida-per-participar-en-els-procediments-de-contractacio-de-les-macroconcessions-colombianes\/#breadcrumb\",\"itemListElement\":[{\"@type\":\"ListItem\",\"position\":1,\"name\":\"Portada\",\"item\":\"https:\/\/www.rubau.com\/\"},{\"@type\":\"ListItem\",\"position\":2,\"name\":\"Rubau ha estat escollida per participar en els procediments de contractaci\u00f3 de les macroconcessions colombianes\"}]},{\"@type\":\"WebSite\",\"@id\":\"https:\/\/www.rubau.com\/#website\",\"url\":\"https:\/\/www.rubau.com\/\",\"name\":\"Rubau\",\"description\":\"Construccions RUBAU\",\"publisher\":{\"@id\":\"https:\/\/www.rubau.com\/#organization\"},\"potentialAction\":[{\"@type\":\"SearchAction\",\"target\":{\"@type\":\"EntryPoint\",\"urlTemplate\":\"https:\/\/www.rubau.com\/?s={search_term_string}\"},\"query-input\":{\"@type\":\"PropertyValueSpecification\",\"valueRequired\":true,\"valueName\":\"search_term_string\"}}],\"inLanguage\":\"ca\"},{\"@type\":\"Organization\",\"@id\":\"https:\/\/www.rubau.com\/#organization\",\"name\":\"Rubau\",\"url\":\"https:\/\/www.rubau.com\/\",\"logo\":{\"@type\":\"ImageObject\",\"inLanguage\":\"ca\",\"@id\":\"https:\/\/www.rubau.com\/#\/schema\/logo\/image\/\",\"url\":\"https:\/\/www.rubau.com\/wp-content\/uploads\/2024\/10\/Logo-CONSTRUCCIONS-RUBAU-ES1.png\",\"contentUrl\":\"https:\/\/www.rubau.com\/wp-content\/uploads\/2024\/10\/Logo-CONSTRUCCIONS-RUBAU-ES1.png\",\"width\":1010,\"height\":200,\"caption\":\"Rubau\"},\"image\":{\"@id\":\"https:\/\/www.rubau.com\/#\/schema\/logo\/image\/\"},\"sameAs\":[\"https:\/\/www.instagram.com\/construcciones_rubau\/\",\"https:\/\/www.linkedin.com\/company\/construcciones-rubau-s.a.\"]},{\"@type\":\"Person\",\"@id\":\"https:\/\/www.rubau.com\/#\/schema\/person\/e3264a55ec7aa20d1e8892d6bdfdf9ec\",\"name\":\"789maysFi6IJ5pk\",\"image\":{\"@type\":\"ImageObject\",\"inLanguage\":\"ca\",\"@id\":\"https:\/\/www.rubau.com\/#\/schema\/person\/image\/\",\"url\":\"https:\/\/secure.gravatar.com\/avatar\/5209968e1586048c9fb84b6d730047ebc5622fca755af8dac8aeacbdbcb85cb0?s=96&d=mm&r=g\",\"contentUrl\":\"https:\/\/secure.gravatar.com\/avatar\/5209968e1586048c9fb84b6d730047ebc5622fca755af8dac8aeacbdbcb85cb0?s=96&d=mm&r=g\",\"caption\":\"789maysFi6IJ5pk\"},\"url\":\"https:\/\/www.rubau.com\/ca\/author\/789maysfi6ij5pk\/\"}]}<\/script>\n<!-- \/ Yoast SEO plugin. -->","yoast_head_json":{"title":"Rubau ha estat escollida per participar en els procediments de contractaci\u00f3 de les macroconcessions colombianes - Rubau","robots":{"index":"index","follow":"follow","max-snippet":"max-snippet:-1","max-image-preview":"max-image-preview:large","max-video-preview":"max-video-preview:-1"},"canonical":"https:\/\/www.rubau.com\/ca\/rubau-ha-estat-escollida-per-participar-en-els-procediments-de-contractacio-de-les-macroconcessions-colombianes\/","og_locale":"ca_ES","og_type":"article","og_title":"Rubau ha estat escollida per participar en els procediments de contractaci\u00f3 de les macroconcessions colombianes - Rubau","og_description":"Dins el programa de concessions de Quarta Generaci\u00f3 (4G), engegat a iniciativa del Govern colombi\u00e0, Construcciones Rubau, S.A., s\u2019ha prequalificat per poder licitar el projecte Cartagena-Barranquilla i Circunvalar de la Prosperidad. El projecte consisteix en la construcci\u00f3 d\u2019una autopista amb les especificacions t\u00e8cniques m\u00e9s modernes, que compr\u00e8n la rehabilitaci\u00f3, la construcci\u00f3, l\u2019ampliaci\u00f3 i el manteniment [&hellip;]","og_url":"https:\/\/www.rubau.com\/ca\/rubau-ha-estat-escollida-per-participar-en-els-procediments-de-contractacio-de-les-macroconcessions-colombianes\/","og_site_name":"Rubau","article_published_time":"2013-10-02T03:56:43+00:00","article_modified_time":"2016-04-26T11:38:51+00:00","og_image":[{"width":495,"height":397,"url":"https:\/\/www.rubau.com\/wp-content\/uploads\/2015\/12\/6.gif","type":"image\/gif"}],"author":"789maysFi6IJ5pk","twitter_card":"summary_large_image","twitter_misc":{"Escrit per":"789maysFi6IJ5pk","Temps estimat de lectura":"2 minuts"},"schema":{"@context":"https:\/\/schema.org","@graph":[{"@type":"Article","@id":"https:\/\/www.rubau.com\/ca\/rubau-ha-estat-escollida-per-participar-en-els-procediments-de-contractacio-de-les-macroconcessions-colombianes\/#article","isPartOf":{"@id":"https:\/\/www.rubau.com\/ca\/rubau-ha-estat-escollida-per-participar-en-els-procediments-de-contractacio-de-les-macroconcessions-colombianes\/"},"author":{"name":"789maysFi6IJ5pk","@id":"https:\/\/www.rubau.com\/#\/schema\/person\/e3264a55ec7aa20d1e8892d6bdfdf9ec"},"headline":"Rubau ha estat escollida per participar en els procediments de contractaci\u00f3 de les macroconcessions colombianes","datePublished":"2013-10-02T03:56:43+00:00","dateModified":"2016-04-26T11:38:51+00:00","mainEntityOfPage":{"@id":"https:\/\/www.rubau.com\/ca\/rubau-ha-estat-escollida-per-participar-en-els-procediments-de-contractacio-de-les-macroconcessions-colombianes\/"},"wordCount":337,"publisher":{"@id":"https:\/\/www.rubau.com\/#organization"},"image":{"@id":"https:\/\/www.rubau.com\/ca\/rubau-ha-estat-escollida-per-participar-en-els-procediments-de-contractacio-de-les-macroconcessions-colombianes\/#primaryimage"},"thumbnailUrl":"https:\/\/www.rubau.com\/wp-content\/uploads\/2015\/12\/6.gif","articleSection":["Not\u00edcies"],"inLanguage":"ca"},{"@type":"WebPage","@id":"https:\/\/www.rubau.com\/ca\/rubau-ha-estat-escollida-per-participar-en-els-procediments-de-contractacio-de-les-macroconcessions-colombianes\/","url":"https:\/\/www.rubau.com\/ca\/rubau-ha-estat-escollida-per-participar-en-els-procediments-de-contractacio-de-les-macroconcessions-colombianes\/","name":"Rubau ha estat escollida per participar en els procediments de contractaci\u00f3 de les macroconcessions colombianes - Rubau","isPartOf":{"@id":"https:\/\/www.rubau.com\/#website"},"primaryImageOfPage":{"@id":"https:\/\/www.rubau.com\/ca\/rubau-ha-estat-escollida-per-participar-en-els-procediments-de-contractacio-de-les-macroconcessions-colombianes\/#primaryimage"},"image":{"@id":"https:\/\/www.rubau.com\/ca\/rubau-ha-estat-escollida-per-participar-en-els-procediments-de-contractacio-de-les-macroconcessions-colombianes\/#primaryimage"},"thumbnailUrl":"https:\/\/www.rubau.com\/wp-content\/uploads\/2015\/12\/6.gif","datePublished":"2013-10-02T03:56:43+00:00","dateModified":"2016-04-26T11:38:51+00:00","breadcrumb":{"@id":"https:\/\/www.rubau.com\/ca\/rubau-ha-estat-escollida-per-participar-en-els-procediments-de-contractacio-de-les-macroconcessions-colombianes\/#breadcrumb"},"inLanguage":"ca","potentialAction":[{"@type":"ReadAction","target":["https:\/\/www.rubau.com\/ca\/rubau-ha-estat-escollida-per-participar-en-els-procediments-de-contractacio-de-les-macroconcessions-colombianes\/"]}]},{"@type":"ImageObject","inLanguage":"ca","@id":"https:\/\/www.rubau.com\/ca\/rubau-ha-estat-escollida-per-participar-en-els-procediments-de-contractacio-de-les-macroconcessions-colombianes\/#primaryimage","url":"https:\/\/www.rubau.com\/wp-content\/uploads\/2015\/12\/6.gif","contentUrl":"https:\/\/www.rubau.com\/wp-content\/uploads\/2015\/12\/6.gif","width":495,"height":397},{"@type":"BreadcrumbList","@id":"https:\/\/www.rubau.com\/ca\/rubau-ha-estat-escollida-per-participar-en-els-procediments-de-contractacio-de-les-macroconcessions-colombianes\/#breadcrumb","itemListElement":[{"@type":"ListItem","position":1,"name":"Portada","item":"https:\/\/www.rubau.com\/"},{"@type":"ListItem","position":2,"name":"Rubau ha estat escollida per participar en els procediments de contractaci\u00f3 de les macroconcessions colombianes"}]},{"@type":"WebSite","@id":"https:\/\/www.rubau.com\/#website","url":"https:\/\/www.rubau.com\/","name":"Rubau","description":"Construccions RUBAU","publisher":{"@id":"https:\/\/www.rubau.com\/#organization"},"potentialAction":[{"@type":"SearchAction","target":{"@type":"EntryPoint","urlTemplate":"https:\/\/www.rubau.com\/?s={search_term_string}"},"query-input":{"@type":"PropertyValueSpecification","valueRequired":true,"valueName":"search_term_string"}}],"inLanguage":"ca"},{"@type":"Organization","@id":"https:\/\/www.rubau.com\/#organization","name":"Rubau","url":"https:\/\/www.rubau.com\/","logo":{"@type":"ImageObject","inLanguage":"ca","@id":"https:\/\/www.rubau.com\/#\/schema\/logo\/image\/","url":"https:\/\/www.rubau.com\/wp-content\/uploads\/2024\/10\/Logo-CONSTRUCCIONS-RUBAU-ES1.png","contentUrl":"https:\/\/www.rubau.com\/wp-content\/uploads\/2024\/10\/Logo-CONSTRUCCIONS-RUBAU-ES1.png","width":1010,"height":200,"caption":"Rubau"},"image":{"@id":"https:\/\/www.rubau.com\/#\/schema\/logo\/image\/"},"sameAs":["https:\/\/www.instagram.com\/construcciones_rubau\/","https:\/\/www.linkedin.com\/company\/construcciones-rubau-s.a."]},{"@type":"Person","@id":"https:\/\/www.rubau.com\/#\/schema\/person\/e3264a55ec7aa20d1e8892d6bdfdf9ec","name":"789maysFi6IJ5pk","image":{"@type":"ImageObject","inLanguage":"ca","@id":"https:\/\/www.rubau.com\/#\/schema\/person\/image\/","url":"https:\/\/secure.gravatar.com\/avatar\/5209968e1586048c9fb84b6d730047ebc5622fca755af8dac8aeacbdbcb85cb0?s=96&d=mm&r=g","contentUrl":"https:\/\/secure.gravatar.com\/avatar\/5209968e1586048c9fb84b6d730047ebc5622fca755af8dac8aeacbdbcb85cb0?s=96&d=mm&r=g","caption":"789maysFi6IJ5pk"},"url":"https:\/\/www.rubau.com\/ca\/author\/789maysfi6ij5pk\/"}]}},"_links":{"self":[{"href":"https:\/\/www.rubau.com\/ca\/wp-json\/wp\/v2\/posts\/1344","targetHints":{"allow":["GET"]}}],"collection":[{"href":"https:\/\/www.rubau.com\/ca\/wp-json\/wp\/v2\/posts"}],"about":[{"href":"https:\/\/www.rubau.com\/ca\/wp-json\/wp\/v2\/types\/post"}],"author":[{"embeddable":true,"href":"https:\/\/www.rubau.com\/ca\/wp-json\/wp\/v2\/users\/1"}],"replies":[{"embeddable":true,"href":"https:\/\/www.rubau.com\/ca\/wp-json\/wp\/v2\/comments?post=1344"}],"version-history":[{"count":1,"href":"https:\/\/www.rubau.com\/ca\/wp-json\/wp\/v2\/posts\/1344\/revisions"}],"predecessor-version":[{"id":1346,"href":"https:\/\/www.rubau.com\/ca\/wp-json\/wp\/v2\/posts\/1344\/revisions\/1346"}],"wp:featuredmedia":[{"embeddable":true,"href":"https:\/\/www.rubau.com\/ca\/wp-json\/wp\/v2\/media\/714"}],"wp:attachment":[{"href":"https:\/\/www.rubau.com\/ca\/wp-json\/wp\/v2\/media?parent=1344"}],"wp:term":[{"taxonomy":"category","embeddable":true,"href":"https:\/\/www.rubau.com\/ca\/wp-json\/wp\/v2\/categories?post=1344"},{"taxonomy":"post_tag","embeddable":true,"href":"https:\/\/www.rubau.com\/ca\/wp-json\/wp\/v2\/tags?post=1344"}],"curies":[{"name":"wp","href":"https:\/\/api.w.org\/{rel}","templated":true}]}}