{"id":2201,"date":"2018-11-14T13:13:17","date_gmt":"2018-11-14T12:13:17","guid":{"rendered":"http:\/\/www.rubau.com\/?p=2201"},"modified":"2025-07-24T16:23:21","modified_gmt":"2025-07-24T14:23:21","slug":"inauguracio-de-lavinguda-ciudad-de-cali-la-obra-denginyeria-mes-important-de-cali-en-els-ultims-anys__trashed","status":"publish","type":"post","link":"https:\/\/www.rubau.com\/ca\/inauguracio-de-lavinguda-ciudad-de-cali-la-obra-denginyeria-mes-important-de-cali-en-els-ultims-anys__trashed\/","title":{"rendered":"INAUGURACI\u00d3 DE L\u2019AVINGUDA CIUDAD DE CALI, LA OBRA D\u2019ENGINYERIA M\u00c9S IMPORTANT DE CALI EN ELS \u00daLTIMS ANYS."},"content":{"rendered":"<p>El passat dimarts 30 d\u2019octubre l\u2019alcalde Maurice Armitage va oficiar l\u2019acte de lliurament de la prolongaci\u00f3 de l\u2019Avinguda Ciudad de Cali entre les carreres 50 i 80, obra executada per el Consorcio Desarrollo Vial, format majorit\u00e0riament per RUBAU.<\/p>\n<p>El projecte ha consistit en l\u2019execuci\u00f3 de dos ponts vehiculars, un sobre el Canal Interceptor Sur i un altre sobre el riu Mel\u00e9ndez, ponts per rutes ciclistes i vialitat de connexi\u00f3 entre ambd\u00f3s ponts a executar, connectant la carrera 49 amb la carrera 81a, amb una longitud total de 1.100 metres i 60 metres d\u2019ample.<\/p>\n<p>Segons Marcial Qui\u00f1ones, Secretari d\u2019Infraestructura de la ciutat, es tracta de la major obra d\u2019enginyeria civil que s\u2019ha fet a Cali en els \u00faltims anys. El projecte ha perm\u00e8s connectar el sud-orient de la ciutat, beneficiant principalment als habitants dels barris de El Caney, Ciudad C\u00f3rdoba i Valle del Lili, que abans nom\u00e9s disposaven d\u2019una via de comunicaci\u00f3 cap al nord de Cali.<\/p>\n<p>Amb l\u2019execuci\u00f3 d\u2019aquestes obres, que formen part del pla de Megaobras aprovades per l\u2019alcaldia de la ciutat, RUBAU s\u2019ha sumat al desenvolupament i creixement de Cali, participant en un projecte que ha aconseguit el seu objectiu: renovar la ciutat dotant-la d\u2019infraestructures modernes i eficients.<\/p>\n<p>Adjuntem v\u00eddeo dron del resultat de les obres.<\/p>\n","protected":false},"excerpt":{"rendered":"<p>El passat dimarts 30 d\u2019octubre l\u2019alcalde Maurice Armitage va oficiar l\u2019acte de lliurament de la prolongaci\u00f3 de l\u2019Avinguda Ciudad de Cali entre les carreres 50 i 80, obra executada per el Consorcio Desarrollo Vial, format majorit\u00e0riament per RUBAU. El projecte ha consistit en l\u2019execuci\u00f3 de dos ponts vehiculars, un sobre el Canal Interceptor Sur i [&hellip;]<\/p>\n","protected":false},"author":2,"featured_media":2199,"comment_status":"closed","ping_status":"open","sticky":false,"template":"","format":"standard","meta":{"_acf_changed":false,"footnotes":""},"categories":[6],"tags":[],"class_list":["post-2201","post","type-post","status-publish","format-standard","has-post-thumbnail","hentry","category-noticies"],"acf":[],"yoast_head":"<!-- This site is optimized with the Yoast SEO plugin v26.5 - https:\/\/yoast.com\/wordpress\/plugins\/seo\/ -->\n<title>INAUGURACI\u00d3 DE L\u2019AVINGUDA CIUDAD DE CALI, LA OBRA D\u2019ENGINYERIA M\u00c9S IMPORTANT DE CALI EN ELS \u00daLTIMS ANYS. - Rubau<\/title>\n<meta name=\"robots\" content=\"index, follow, max-snippet:-1, max-image-preview:large, max-video-preview:-1\" \/>\n<link rel=\"canonical\" href=\"https:\/\/www.rubau.com\/ca\/inauguracio-de-lavinguda-ciudad-de-cali-la-obra-denginyeria-mes-important-de-cali-en-els-ultims-anys__trashed\/\" \/>\n<meta property=\"og:locale\" content=\"ca_ES\" \/>\n<meta property=\"og:type\" content=\"article\" \/>\n<meta property=\"og:title\" content=\"INAUGURACI\u00d3 DE L\u2019AVINGUDA CIUDAD DE CALI, LA OBRA D\u2019ENGINYERIA M\u00c9S IMPORTANT DE CALI EN ELS \u00daLTIMS ANYS. - Rubau\" \/>\n<meta property=\"og:description\" content=\"El passat dimarts 30 d\u2019octubre l\u2019alcalde Maurice Armitage va oficiar l\u2019acte de lliurament de la prolongaci\u00f3 de l\u2019Avinguda Ciudad de Cali entre les carreres 50 i 80, obra executada per el Consorcio Desarrollo Vial, format majorit\u00e0riament per RUBAU. El projecte ha consistit en l\u2019execuci\u00f3 de dos ponts vehiculars, un sobre el Canal Interceptor Sur i [&hellip;]\" \/>\n<meta property=\"og:url\" content=\"https:\/\/www.rubau.com\/ca\/inauguracio-de-lavinguda-ciudad-de-cali-la-obra-denginyeria-mes-important-de-cali-en-els-ultims-anys__trashed\/\" \/>\n<meta property=\"og:site_name\" content=\"Rubau\" \/>\n<meta property=\"article:published_time\" content=\"2018-11-14T12:13:17+00:00\" \/>\n<meta property=\"article:modified_time\" content=\"2025-07-24T14:23:21+00:00\" \/>\n<meta property=\"og:image\" content=\"https:\/\/www.rubau.com\/wp-content\/uploads\/2018\/11\/Av.-Ciudad-de-Cali.png\" \/>\n\t<meta property=\"og:image:width\" content=\"1032\" \/>\n\t<meta property=\"og:image:height\" content=\"774\" \/>\n\t<meta property=\"og:image:type\" content=\"image\/png\" \/>\n<meta name=\"twitter:card\" content=\"summary_large_image\" \/>\n<meta name=\"twitter:label1\" content=\"Escrit per\" \/>\n\t<meta name=\"twitter:data1\" content=\"\" \/>\n\t<meta name=\"twitter:label2\" content=\"Temps estimat de lectura\" \/>\n\t<meta name=\"twitter:data2\" content=\"1 minut\" \/>\n<script type=\"application\/ld+json\" class=\"yoast-schema-graph\">{\"@context\":\"https:\/\/schema.org\",\"@graph\":[{\"@type\":\"Article\",\"@id\":\"https:\/\/www.rubau.com\/ca\/inauguracio-de-lavinguda-ciudad-de-cali-la-obra-denginyeria-mes-important-de-cali-en-els-ultims-anys__trashed\/#article\",\"isPartOf\":{\"@id\":\"https:\/\/www.rubau.com\/ca\/inauguracio-de-lavinguda-ciudad-de-cali-la-obra-denginyeria-mes-important-de-cali-en-els-ultims-anys__trashed\/\"},\"author\":{\"name\":\"\",\"@id\":\"\"},\"headline\":\"INAUGURACI\u00d3 DE L\u2019AVINGUDA CIUDAD DE CALI, LA OBRA D\u2019ENGINYERIA M\u00c9S IMPORTANT DE CALI EN ELS \u00daLTIMS ANYS.\",\"datePublished\":\"2018-11-14T12:13:17+00:00\",\"dateModified\":\"2025-07-24T14:23:21+00:00\",\"mainEntityOfPage\":{\"@id\":\"https:\/\/www.rubau.com\/ca\/inauguracio-de-lavinguda-ciudad-de-cali-la-obra-denginyeria-mes-important-de-cali-en-els-ultims-anys__trashed\/\"},\"wordCount\":245,\"publisher\":{\"@id\":\"https:\/\/www.rubau.com\/#organization\"},\"image\":{\"@id\":\"https:\/\/www.rubau.com\/ca\/inauguracio-de-lavinguda-ciudad-de-cali-la-obra-denginyeria-mes-important-de-cali-en-els-ultims-anys__trashed\/#primaryimage\"},\"thumbnailUrl\":\"https:\/\/www.rubau.com\/wp-content\/uploads\/2018\/11\/Av.-Ciudad-de-Cali.png\",\"articleSection\":[\"Not\u00edcies\"],\"inLanguage\":\"ca\"},{\"@type\":\"WebPage\",\"@id\":\"https:\/\/www.rubau.com\/ca\/inauguracio-de-lavinguda-ciudad-de-cali-la-obra-denginyeria-mes-important-de-cali-en-els-ultims-anys__trashed\/\",\"url\":\"https:\/\/www.rubau.com\/ca\/inauguracio-de-lavinguda-ciudad-de-cali-la-obra-denginyeria-mes-important-de-cali-en-els-ultims-anys__trashed\/\",\"name\":\"INAUGURACI\u00d3 DE L\u2019AVINGUDA CIUDAD DE CALI, LA OBRA D\u2019ENGINYERIA M\u00c9S IMPORTANT DE CALI EN ELS \u00daLTIMS ANYS. - Rubau\",\"isPartOf\":{\"@id\":\"https:\/\/www.rubau.com\/#website\"},\"primaryImageOfPage\":{\"@id\":\"https:\/\/www.rubau.com\/ca\/inauguracio-de-lavinguda-ciudad-de-cali-la-obra-denginyeria-mes-important-de-cali-en-els-ultims-anys__trashed\/#primaryimage\"},\"image\":{\"@id\":\"https:\/\/www.rubau.com\/ca\/inauguracio-de-lavinguda-ciudad-de-cali-la-obra-denginyeria-mes-important-de-cali-en-els-ultims-anys__trashed\/#primaryimage\"},\"thumbnailUrl\":\"https:\/\/www.rubau.com\/wp-content\/uploads\/2018\/11\/Av.-Ciudad-de-Cali.png\",\"datePublished\":\"2018-11-14T12:13:17+00:00\",\"dateModified\":\"2025-07-24T14:23:21+00:00\",\"breadcrumb\":{\"@id\":\"https:\/\/www.rubau.com\/ca\/inauguracio-de-lavinguda-ciudad-de-cali-la-obra-denginyeria-mes-important-de-cali-en-els-ultims-anys__trashed\/#breadcrumb\"},\"inLanguage\":\"ca\",\"potentialAction\":[{\"@type\":\"ReadAction\",\"target\":[\"https:\/\/www.rubau.com\/ca\/inauguracio-de-lavinguda-ciudad-de-cali-la-obra-denginyeria-mes-important-de-cali-en-els-ultims-anys__trashed\/\"]}]},{\"@type\":\"ImageObject\",\"inLanguage\":\"ca\",\"@id\":\"https:\/\/www.rubau.com\/ca\/inauguracio-de-lavinguda-ciudad-de-cali-la-obra-denginyeria-mes-important-de-cali-en-els-ultims-anys__trashed\/#primaryimage\",\"url\":\"https:\/\/www.rubau.com\/wp-content\/uploads\/2018\/11\/Av.-Ciudad-de-Cali.png\",\"contentUrl\":\"https:\/\/www.rubau.com\/wp-content\/uploads\/2018\/11\/Av.-Ciudad-de-Cali.png\",\"width\":1032,\"height\":774,\"caption\":\"RUBAU AV CIUDAD DE CALI\"},{\"@type\":\"BreadcrumbList\",\"@id\":\"https:\/\/www.rubau.com\/ca\/inauguracio-de-lavinguda-ciudad-de-cali-la-obra-denginyeria-mes-important-de-cali-en-els-ultims-anys__trashed\/#breadcrumb\",\"itemListElement\":[{\"@type\":\"ListItem\",\"position\":1,\"name\":\"Portada\",\"item\":\"https:\/\/www.rubau.com\/\"},{\"@type\":\"ListItem\",\"position\":2,\"name\":\"INAUGURACI\u00d3 DE L\u2019AVINGUDA CIUDAD DE CALI, LA OBRA D\u2019ENGINYERIA M\u00c9S IMPORTANT DE CALI EN ELS \u00daLTIMS ANYS.\"}]},{\"@type\":\"WebSite\",\"@id\":\"https:\/\/www.rubau.com\/#website\",\"url\":\"https:\/\/www.rubau.com\/\",\"name\":\"Rubau\",\"description\":\"Construccions RUBAU\",\"publisher\":{\"@id\":\"https:\/\/www.rubau.com\/#organization\"},\"potentialAction\":[{\"@type\":\"SearchAction\",\"target\":{\"@type\":\"EntryPoint\",\"urlTemplate\":\"https:\/\/www.rubau.com\/?s={search_term_string}\"},\"query-input\":{\"@type\":\"PropertyValueSpecification\",\"valueRequired\":true,\"valueName\":\"search_term_string\"}}],\"inLanguage\":\"ca\"},{\"@type\":\"Organization\",\"@id\":\"https:\/\/www.rubau.com\/#organization\",\"name\":\"Rubau\",\"url\":\"https:\/\/www.rubau.com\/\",\"logo\":{\"@type\":\"ImageObject\",\"inLanguage\":\"ca\",\"@id\":\"https:\/\/www.rubau.com\/#\/schema\/logo\/image\/\",\"url\":\"https:\/\/www.rubau.com\/wp-content\/uploads\/2024\/10\/Logo-CONSTRUCCIONS-RUBAU-ES1.png\",\"contentUrl\":\"https:\/\/www.rubau.com\/wp-content\/uploads\/2024\/10\/Logo-CONSTRUCCIONS-RUBAU-ES1.png\",\"width\":1010,\"height\":200,\"caption\":\"Rubau\"},\"image\":{\"@id\":\"https:\/\/www.rubau.com\/#\/schema\/logo\/image\/\"},\"sameAs\":[\"https:\/\/www.instagram.com\/construcciones_rubau\/\",\"https:\/\/www.linkedin.com\/company\/construcciones-rubau-s.a.\"]},{\"@type\":\"Person\",\"@id\":\"\",\"url\":\"https:\/\/www.rubau.com\/ca\/author\/\"}]}<\/script>\n<!-- \/ Yoast SEO plugin. -->","yoast_head_json":{"title":"INAUGURACI\u00d3 DE L\u2019AVINGUDA CIUDAD DE CALI, LA OBRA D\u2019ENGINYERIA M\u00c9S IMPORTANT DE CALI EN ELS \u00daLTIMS ANYS. - Rubau","robots":{"index":"index","follow":"follow","max-snippet":"max-snippet:-1","max-image-preview":"max-image-preview:large","max-video-preview":"max-video-preview:-1"},"canonical":"https:\/\/www.rubau.com\/ca\/inauguracio-de-lavinguda-ciudad-de-cali-la-obra-denginyeria-mes-important-de-cali-en-els-ultims-anys__trashed\/","og_locale":"ca_ES","og_type":"article","og_title":"INAUGURACI\u00d3 DE L\u2019AVINGUDA CIUDAD DE CALI, LA OBRA D\u2019ENGINYERIA M\u00c9S IMPORTANT DE CALI EN ELS \u00daLTIMS ANYS. - Rubau","og_description":"El passat dimarts 30 d\u2019octubre l\u2019alcalde Maurice Armitage va oficiar l\u2019acte de lliurament de la prolongaci\u00f3 de l\u2019Avinguda Ciudad de Cali entre les carreres 50 i 80, obra executada per el Consorcio Desarrollo Vial, format majorit\u00e0riament per RUBAU. El projecte ha consistit en l\u2019execuci\u00f3 de dos ponts vehiculars, un sobre el Canal Interceptor Sur i [&hellip;]","og_url":"https:\/\/www.rubau.com\/ca\/inauguracio-de-lavinguda-ciudad-de-cali-la-obra-denginyeria-mes-important-de-cali-en-els-ultims-anys__trashed\/","og_site_name":"Rubau","article_published_time":"2018-11-14T12:13:17+00:00","article_modified_time":"2025-07-24T14:23:21+00:00","og_image":[{"width":1032,"height":774,"url":"https:\/\/www.rubau.com\/wp-content\/uploads\/2018\/11\/Av.-Ciudad-de-Cali.png","type":"image\/png"}],"twitter_card":"summary_large_image","twitter_misc":{"Escrit per":"","Temps estimat de lectura":"1 minut"},"schema":{"@context":"https:\/\/schema.org","@graph":[{"@type":"Article","@id":"https:\/\/www.rubau.com\/ca\/inauguracio-de-lavinguda-ciudad-de-cali-la-obra-denginyeria-mes-important-de-cali-en-els-ultims-anys__trashed\/#article","isPartOf":{"@id":"https:\/\/www.rubau.com\/ca\/inauguracio-de-lavinguda-ciudad-de-cali-la-obra-denginyeria-mes-important-de-cali-en-els-ultims-anys__trashed\/"},"author":{"name":"","@id":""},"headline":"INAUGURACI\u00d3 DE L\u2019AVINGUDA CIUDAD DE CALI, LA OBRA D\u2019ENGINYERIA M\u00c9S IMPORTANT DE CALI EN ELS \u00daLTIMS ANYS.","datePublished":"2018-11-14T12:13:17+00:00","dateModified":"2025-07-24T14:23:21+00:00","mainEntityOfPage":{"@id":"https:\/\/www.rubau.com\/ca\/inauguracio-de-lavinguda-ciudad-de-cali-la-obra-denginyeria-mes-important-de-cali-en-els-ultims-anys__trashed\/"},"wordCount":245,"publisher":{"@id":"https:\/\/www.rubau.com\/#organization"},"image":{"@id":"https:\/\/www.rubau.com\/ca\/inauguracio-de-lavinguda-ciudad-de-cali-la-obra-denginyeria-mes-important-de-cali-en-els-ultims-anys__trashed\/#primaryimage"},"thumbnailUrl":"https:\/\/www.rubau.com\/wp-content\/uploads\/2018\/11\/Av.-Ciudad-de-Cali.png","articleSection":["Not\u00edcies"],"inLanguage":"ca"},{"@type":"WebPage","@id":"https:\/\/www.rubau.com\/ca\/inauguracio-de-lavinguda-ciudad-de-cali-la-obra-denginyeria-mes-important-de-cali-en-els-ultims-anys__trashed\/","url":"https:\/\/www.rubau.com\/ca\/inauguracio-de-lavinguda-ciudad-de-cali-la-obra-denginyeria-mes-important-de-cali-en-els-ultims-anys__trashed\/","name":"INAUGURACI\u00d3 DE L\u2019AVINGUDA CIUDAD DE CALI, LA OBRA D\u2019ENGINYERIA M\u00c9S IMPORTANT DE CALI EN ELS \u00daLTIMS ANYS. - Rubau","isPartOf":{"@id":"https:\/\/www.rubau.com\/#website"},"primaryImageOfPage":{"@id":"https:\/\/www.rubau.com\/ca\/inauguracio-de-lavinguda-ciudad-de-cali-la-obra-denginyeria-mes-important-de-cali-en-els-ultims-anys__trashed\/#primaryimage"},"image":{"@id":"https:\/\/www.rubau.com\/ca\/inauguracio-de-lavinguda-ciudad-de-cali-la-obra-denginyeria-mes-important-de-cali-en-els-ultims-anys__trashed\/#primaryimage"},"thumbnailUrl":"https:\/\/www.rubau.com\/wp-content\/uploads\/2018\/11\/Av.-Ciudad-de-Cali.png","datePublished":"2018-11-14T12:13:17+00:00","dateModified":"2025-07-24T14:23:21+00:00","breadcrumb":{"@id":"https:\/\/www.rubau.com\/ca\/inauguracio-de-lavinguda-ciudad-de-cali-la-obra-denginyeria-mes-important-de-cali-en-els-ultims-anys__trashed\/#breadcrumb"},"inLanguage":"ca","potentialAction":[{"@type":"ReadAction","target":["https:\/\/www.rubau.com\/ca\/inauguracio-de-lavinguda-ciudad-de-cali-la-obra-denginyeria-mes-important-de-cali-en-els-ultims-anys__trashed\/"]}]},{"@type":"ImageObject","inLanguage":"ca","@id":"https:\/\/www.rubau.com\/ca\/inauguracio-de-lavinguda-ciudad-de-cali-la-obra-denginyeria-mes-important-de-cali-en-els-ultims-anys__trashed\/#primaryimage","url":"https:\/\/www.rubau.com\/wp-content\/uploads\/2018\/11\/Av.-Ciudad-de-Cali.png","contentUrl":"https:\/\/www.rubau.com\/wp-content\/uploads\/2018\/11\/Av.-Ciudad-de-Cali.png","width":1032,"height":774,"caption":"RUBAU AV CIUDAD DE CALI"},{"@type":"BreadcrumbList","@id":"https:\/\/www.rubau.com\/ca\/inauguracio-de-lavinguda-ciudad-de-cali-la-obra-denginyeria-mes-important-de-cali-en-els-ultims-anys__trashed\/#breadcrumb","itemListElement":[{"@type":"ListItem","position":1,"name":"Portada","item":"https:\/\/www.rubau.com\/"},{"@type":"ListItem","position":2,"name":"INAUGURACI\u00d3 DE L\u2019AVINGUDA CIUDAD DE CALI, LA OBRA D\u2019ENGINYERIA M\u00c9S IMPORTANT DE CALI EN ELS \u00daLTIMS ANYS."}]},{"@type":"WebSite","@id":"https:\/\/www.rubau.com\/#website","url":"https:\/\/www.rubau.com\/","name":"Rubau","description":"Construccions RUBAU","publisher":{"@id":"https:\/\/www.rubau.com\/#organization"},"potentialAction":[{"@type":"SearchAction","target":{"@type":"EntryPoint","urlTemplate":"https:\/\/www.rubau.com\/?s={search_term_string}"},"query-input":{"@type":"PropertyValueSpecification","valueRequired":true,"valueName":"search_term_string"}}],"inLanguage":"ca"},{"@type":"Organization","@id":"https:\/\/www.rubau.com\/#organization","name":"Rubau","url":"https:\/\/www.rubau.com\/","logo":{"@type":"ImageObject","inLanguage":"ca","@id":"https:\/\/www.rubau.com\/#\/schema\/logo\/image\/","url":"https:\/\/www.rubau.com\/wp-content\/uploads\/2024\/10\/Logo-CONSTRUCCIONS-RUBAU-ES1.png","contentUrl":"https:\/\/www.rubau.com\/wp-content\/uploads\/2024\/10\/Logo-CONSTRUCCIONS-RUBAU-ES1.png","width":1010,"height":200,"caption":"Rubau"},"image":{"@id":"https:\/\/www.rubau.com\/#\/schema\/logo\/image\/"},"sameAs":["https:\/\/www.instagram.com\/construcciones_rubau\/","https:\/\/www.linkedin.com\/company\/construcciones-rubau-s.a."]},{"@type":"Person","@id":"","url":"https:\/\/www.rubau.com\/ca\/author\/"}]}},"_links":{"self":[{"href":"https:\/\/www.rubau.com\/ca\/wp-json\/wp\/v2\/posts\/2201","targetHints":{"allow":["GET"]}}],"collection":[{"href":"https:\/\/www.rubau.com\/ca\/wp-json\/wp\/v2\/posts"}],"about":[{"href":"https:\/\/www.rubau.com\/ca\/wp-json\/wp\/v2\/types\/post"}],"author":[{"embeddable":true,"href":"https:\/\/www.rubau.com\/ca\/wp-json\/wp\/v2\/users\/2"}],"replies":[{"embeddable":true,"href":"https:\/\/www.rubau.com\/ca\/wp-json\/wp\/v2\/comments?post=2201"}],"version-history":[{"count":0,"href":"https:\/\/www.rubau.com\/ca\/wp-json\/wp\/v2\/posts\/2201\/revisions"}],"wp:featuredmedia":[{"embeddable":true,"href":"https:\/\/www.rubau.com\/ca\/wp-json\/wp\/v2\/media\/2199"}],"wp:attachment":[{"href":"https:\/\/www.rubau.com\/ca\/wp-json\/wp\/v2\/media?parent=2201"}],"wp:term":[{"taxonomy":"category","embeddable":true,"href":"https:\/\/www.rubau.com\/ca\/wp-json\/wp\/v2\/categories?post=2201"},{"taxonomy":"post_tag","embeddable":true,"href":"https:\/\/www.rubau.com\/ca\/wp-json\/wp\/v2\/tags?post=2201"}],"curies":[{"name":"wp","href":"https:\/\/api.w.org\/{rel}","templated":true}]}}