{"id":3030,"date":"2021-05-28T14:15:02","date_gmt":"2021-05-28T12:15:02","guid":{"rendered":"https:\/\/www.rubau.com\/?p=3030"},"modified":"2025-07-24T16:24:04","modified_gmt":"2025-07-24T14:24:04","slug":"aridcal-i-rubau-participen-de-la-creacio-del-nou-projecte-museistic-de-la-udg-el-jardi-de-les-roques__trashed","status":"publish","type":"post","link":"https:\/\/www.rubau.com\/ca\/aridcal-i-rubau-participen-de-la-creacio-del-nou-projecte-museistic-de-la-udg-el-jardi-de-les-roques__trashed\/","title":{"rendered":"ARIDCAL I RUBAU PARTICIPEN DE LA CREACI\u00d3 DEL NOU PROJECTE MUSE\u00cdSTIC DE LA UdG: EL JARD\u00cd DE LES ROQUES"},"content":{"rendered":"<p><span style=\"font-weight: 400;\">Avui 28 de maig s&#8217;ha inaugurat al Campus Montilivi, el nou projecte muse\u00edstic a l&#8217;aire lliure de la Universitat de Girona (UdG): El Jard\u00ed de les Roques. L&#8217;acte ha comptat amb la pres\u00e8ncia del Rector de la Universitat i el Deg\u00e0 de la Facultat de Ci\u00e8ncies.<\/span><\/p>\n<p><span style=\"font-weight: 400;\">Es tracta d&#8217;una instal\u00b7laci\u00f3 divulgativa permanent de les Ci\u00e8ncies de la Terra que es configura com a museu a l&#8217;aire lliure on les diferents roques poden ser observades com monuments i mostres del patrimoni geol\u00f2gic de les comarques de Girona.<\/span><\/p>\n<p><span style=\"font-weight: 400;\">El projecte, iniciativa de centre GEOCAMB i la Facultat de Ci\u00e8ncias, ha estat finan\u00e7at per la UdG, i la seva materialitzaci\u00f3 ha estat possible gr\u00e0cies a la col\u00b7laboraci\u00f3 d&#8217;empreses com <\/span><b>ARIDCAL<\/b><span style=\"font-weight: 400;\"> i <\/span><b>RUBAU<\/b><span style=\"font-weight: 400;\"> que han cedit les seves mostres rocoses de manera gratu\u00efta i desinteressada.<\/span><\/p>\n<p><span style=\"font-weight: 400;\">Per a m\u00e9s informaci\u00f3 et convidem a visitar l&#8217;enlla\u00e7:<\/span><\/p>\n<p><a href=\"http:\/\/geocamb.udg.edu\/jardi-de-roques-de-la-udg\/\" target=\"_blank\" rel=\"noopener noreferrer\"><span style=\"font-weight: 400;\">El Jard\u00ed de les Roques<\/span><\/a><\/p>\n","protected":false},"excerpt":{"rendered":"<p>Avui 28 de maig s&#8217;ha inaugurat al Campus Montilivi, el nou projecte muse\u00edstic a l&#8217;aire lliure de la Universitat de Girona (UdG): El Jard\u00ed de les Roques. L&#8217;acte ha comptat amb la pres\u00e8ncia del Rector de la Universitat i el Deg\u00e0 de la Facultat de Ci\u00e8ncies. Es tracta d&#8217;una instal\u00b7laci\u00f3 divulgativa permanent de les Ci\u00e8ncies [&hellip;]<\/p>\n","protected":false},"author":2,"featured_media":3027,"comment_status":"closed","ping_status":"open","sticky":false,"template":"","format":"standard","meta":{"_acf_changed":false,"footnotes":""},"categories":[6],"tags":[],"class_list":["post-3030","post","type-post","status-publish","format-standard","has-post-thumbnail","hentry","category-noticies"],"acf":[],"yoast_head":"<!-- This site is optimized with the Yoast SEO plugin v26.5 - https:\/\/yoast.com\/wordpress\/plugins\/seo\/ -->\n<title>ARIDCAL I RUBAU PARTICIPEN DE LA CREACI\u00d3 DEL NOU PROJECTE MUSE\u00cdSTIC DE LA UdG: EL JARD\u00cd DE LES ROQUES - Rubau<\/title>\n<meta name=\"robots\" content=\"index, follow, max-snippet:-1, max-image-preview:large, max-video-preview:-1\" \/>\n<link rel=\"canonical\" href=\"https:\/\/www.rubau.com\/ca\/aridcal-i-rubau-participen-de-la-creacio-del-nou-projecte-museistic-de-la-udg-el-jardi-de-les-roques__trashed\/\" \/>\n<meta property=\"og:locale\" content=\"ca_ES\" \/>\n<meta property=\"og:type\" content=\"article\" \/>\n<meta property=\"og:title\" content=\"ARIDCAL I RUBAU PARTICIPEN DE LA CREACI\u00d3 DEL NOU PROJECTE MUSE\u00cdSTIC DE LA UdG: EL JARD\u00cd DE LES ROQUES - Rubau\" \/>\n<meta property=\"og:description\" content=\"Avui 28 de maig s&#8217;ha inaugurat al Campus Montilivi, el nou projecte muse\u00edstic a l&#8217;aire lliure de la Universitat de Girona (UdG): El Jard\u00ed de les Roques. L&#8217;acte ha comptat amb la pres\u00e8ncia del Rector de la Universitat i el Deg\u00e0 de la Facultat de Ci\u00e8ncies. Es tracta d&#8217;una instal\u00b7laci\u00f3 divulgativa permanent de les Ci\u00e8ncies [&hellip;]\" \/>\n<meta property=\"og:url\" content=\"https:\/\/www.rubau.com\/ca\/aridcal-i-rubau-participen-de-la-creacio-del-nou-projecte-museistic-de-la-udg-el-jardi-de-les-roques__trashed\/\" \/>\n<meta property=\"og:site_name\" content=\"Rubau\" \/>\n<meta property=\"article:published_time\" content=\"2021-05-28T12:15:02+00:00\" \/>\n<meta property=\"article:modified_time\" content=\"2025-07-24T14:24:04+00:00\" \/>\n<meta property=\"og:image\" content=\"https:\/\/www.rubau.com\/wp-content\/uploads\/2021\/05\/2021-Jardi-Roques-detall.jpg\" \/>\n\t<meta property=\"og:image:width\" content=\"1500\" \/>\n\t<meta property=\"og:image:height\" content=\"1109\" \/>\n\t<meta property=\"og:image:type\" content=\"image\/jpeg\" \/>\n<meta name=\"twitter:card\" content=\"summary_large_image\" \/>\n<meta name=\"twitter:label1\" content=\"Escrit per\" \/>\n\t<meta name=\"twitter:data1\" content=\"\" \/>\n\t<meta name=\"twitter:label2\" content=\"Temps estimat de lectura\" \/>\n\t<meta name=\"twitter:data2\" content=\"1 minut\" \/>\n<script type=\"application\/ld+json\" class=\"yoast-schema-graph\">{\"@context\":\"https:\/\/schema.org\",\"@graph\":[{\"@type\":\"Article\",\"@id\":\"https:\/\/www.rubau.com\/ca\/aridcal-i-rubau-participen-de-la-creacio-del-nou-projecte-museistic-de-la-udg-el-jardi-de-les-roques__trashed\/#article\",\"isPartOf\":{\"@id\":\"https:\/\/www.rubau.com\/ca\/aridcal-i-rubau-participen-de-la-creacio-del-nou-projecte-museistic-de-la-udg-el-jardi-de-les-roques__trashed\/\"},\"author\":{\"name\":\"\",\"@id\":\"\"},\"headline\":\"ARIDCAL I RUBAU PARTICIPEN DE LA CREACI\u00d3 DEL NOU PROJECTE MUSE\u00cdSTIC DE LA UdG: EL JARD\u00cd DE LES ROQUES\",\"datePublished\":\"2021-05-28T12:15:02+00:00\",\"dateModified\":\"2025-07-24T14:24:04+00:00\",\"mainEntityOfPage\":{\"@id\":\"https:\/\/www.rubau.com\/ca\/aridcal-i-rubau-participen-de-la-creacio-del-nou-projecte-museistic-de-la-udg-el-jardi-de-les-roques__trashed\/\"},\"wordCount\":183,\"publisher\":{\"@id\":\"https:\/\/www.rubau.com\/#organization\"},\"image\":{\"@id\":\"https:\/\/www.rubau.com\/ca\/aridcal-i-rubau-participen-de-la-creacio-del-nou-projecte-museistic-de-la-udg-el-jardi-de-les-roques__trashed\/#primaryimage\"},\"thumbnailUrl\":\"https:\/\/www.rubau.com\/wp-content\/uploads\/2021\/05\/2021-Jardi-Roques-detall.jpg\",\"articleSection\":[\"Not\u00edcies\"],\"inLanguage\":\"ca\"},{\"@type\":\"WebPage\",\"@id\":\"https:\/\/www.rubau.com\/ca\/aridcal-i-rubau-participen-de-la-creacio-del-nou-projecte-museistic-de-la-udg-el-jardi-de-les-roques__trashed\/\",\"url\":\"https:\/\/www.rubau.com\/ca\/aridcal-i-rubau-participen-de-la-creacio-del-nou-projecte-museistic-de-la-udg-el-jardi-de-les-roques__trashed\/\",\"name\":\"ARIDCAL I RUBAU PARTICIPEN DE LA CREACI\u00d3 DEL NOU PROJECTE MUSE\u00cdSTIC DE LA UdG: EL JARD\u00cd DE LES ROQUES - Rubau\",\"isPartOf\":{\"@id\":\"https:\/\/www.rubau.com\/#website\"},\"primaryImageOfPage\":{\"@id\":\"https:\/\/www.rubau.com\/ca\/aridcal-i-rubau-participen-de-la-creacio-del-nou-projecte-museistic-de-la-udg-el-jardi-de-les-roques__trashed\/#primaryimage\"},\"image\":{\"@id\":\"https:\/\/www.rubau.com\/ca\/aridcal-i-rubau-participen-de-la-creacio-del-nou-projecte-museistic-de-la-udg-el-jardi-de-les-roques__trashed\/#primaryimage\"},\"thumbnailUrl\":\"https:\/\/www.rubau.com\/wp-content\/uploads\/2021\/05\/2021-Jardi-Roques-detall.jpg\",\"datePublished\":\"2021-05-28T12:15:02+00:00\",\"dateModified\":\"2025-07-24T14:24:04+00:00\",\"breadcrumb\":{\"@id\":\"https:\/\/www.rubau.com\/ca\/aridcal-i-rubau-participen-de-la-creacio-del-nou-projecte-museistic-de-la-udg-el-jardi-de-les-roques__trashed\/#breadcrumb\"},\"inLanguage\":\"ca\",\"potentialAction\":[{\"@type\":\"ReadAction\",\"target\":[\"https:\/\/www.rubau.com\/ca\/aridcal-i-rubau-participen-de-la-creacio-del-nou-projecte-museistic-de-la-udg-el-jardi-de-les-roques__trashed\/\"]}]},{\"@type\":\"ImageObject\",\"inLanguage\":\"ca\",\"@id\":\"https:\/\/www.rubau.com\/ca\/aridcal-i-rubau-participen-de-la-creacio-del-nou-projecte-museistic-de-la-udg-el-jardi-de-les-roques__trashed\/#primaryimage\",\"url\":\"https:\/\/www.rubau.com\/wp-content\/uploads\/2021\/05\/2021-Jardi-Roques-detall.jpg\",\"contentUrl\":\"https:\/\/www.rubau.com\/wp-content\/uploads\/2021\/05\/2021-Jardi-Roques-detall.jpg\",\"width\":1500,\"height\":1109,\"caption\":\"Rubau Aridcal\"},{\"@type\":\"BreadcrumbList\",\"@id\":\"https:\/\/www.rubau.com\/ca\/aridcal-i-rubau-participen-de-la-creacio-del-nou-projecte-museistic-de-la-udg-el-jardi-de-les-roques__trashed\/#breadcrumb\",\"itemListElement\":[{\"@type\":\"ListItem\",\"position\":1,\"name\":\"Portada\",\"item\":\"https:\/\/www.rubau.com\/\"},{\"@type\":\"ListItem\",\"position\":2,\"name\":\"ARIDCAL I RUBAU PARTICIPEN DE LA CREACI\u00d3 DEL NOU PROJECTE MUSE\u00cdSTIC DE LA UdG: EL JARD\u00cd DE LES ROQUES\"}]},{\"@type\":\"WebSite\",\"@id\":\"https:\/\/www.rubau.com\/#website\",\"url\":\"https:\/\/www.rubau.com\/\",\"name\":\"Rubau\",\"description\":\"Construccions RUBAU\",\"publisher\":{\"@id\":\"https:\/\/www.rubau.com\/#organization\"},\"potentialAction\":[{\"@type\":\"SearchAction\",\"target\":{\"@type\":\"EntryPoint\",\"urlTemplate\":\"https:\/\/www.rubau.com\/?s={search_term_string}\"},\"query-input\":{\"@type\":\"PropertyValueSpecification\",\"valueRequired\":true,\"valueName\":\"search_term_string\"}}],\"inLanguage\":\"ca\"},{\"@type\":\"Organization\",\"@id\":\"https:\/\/www.rubau.com\/#organization\",\"name\":\"Rubau\",\"url\":\"https:\/\/www.rubau.com\/\",\"logo\":{\"@type\":\"ImageObject\",\"inLanguage\":\"ca\",\"@id\":\"https:\/\/www.rubau.com\/#\/schema\/logo\/image\/\",\"url\":\"https:\/\/www.rubau.com\/wp-content\/uploads\/2024\/10\/Logo-CONSTRUCCIONS-RUBAU-ES1.png\",\"contentUrl\":\"https:\/\/www.rubau.com\/wp-content\/uploads\/2024\/10\/Logo-CONSTRUCCIONS-RUBAU-ES1.png\",\"width\":1010,\"height\":200,\"caption\":\"Rubau\"},\"image\":{\"@id\":\"https:\/\/www.rubau.com\/#\/schema\/logo\/image\/\"},\"sameAs\":[\"https:\/\/www.instagram.com\/construcciones_rubau\/\",\"https:\/\/www.linkedin.com\/company\/construcciones-rubau-s.a.\"]},{\"@type\":\"Person\",\"@id\":\"\",\"url\":\"https:\/\/www.rubau.com\/ca\/author\/\"}]}<\/script>\n<!-- \/ Yoast SEO plugin. -->","yoast_head_json":{"title":"ARIDCAL I RUBAU PARTICIPEN DE LA CREACI\u00d3 DEL NOU PROJECTE MUSE\u00cdSTIC DE LA UdG: EL JARD\u00cd DE LES ROQUES - Rubau","robots":{"index":"index","follow":"follow","max-snippet":"max-snippet:-1","max-image-preview":"max-image-preview:large","max-video-preview":"max-video-preview:-1"},"canonical":"https:\/\/www.rubau.com\/ca\/aridcal-i-rubau-participen-de-la-creacio-del-nou-projecte-museistic-de-la-udg-el-jardi-de-les-roques__trashed\/","og_locale":"ca_ES","og_type":"article","og_title":"ARIDCAL I RUBAU PARTICIPEN DE LA CREACI\u00d3 DEL NOU PROJECTE MUSE\u00cdSTIC DE LA UdG: EL JARD\u00cd DE LES ROQUES - Rubau","og_description":"Avui 28 de maig s&#8217;ha inaugurat al Campus Montilivi, el nou projecte muse\u00edstic a l&#8217;aire lliure de la Universitat de Girona (UdG): El Jard\u00ed de les Roques. L&#8217;acte ha comptat amb la pres\u00e8ncia del Rector de la Universitat i el Deg\u00e0 de la Facultat de Ci\u00e8ncies. Es tracta d&#8217;una instal\u00b7laci\u00f3 divulgativa permanent de les Ci\u00e8ncies [&hellip;]","og_url":"https:\/\/www.rubau.com\/ca\/aridcal-i-rubau-participen-de-la-creacio-del-nou-projecte-museistic-de-la-udg-el-jardi-de-les-roques__trashed\/","og_site_name":"Rubau","article_published_time":"2021-05-28T12:15:02+00:00","article_modified_time":"2025-07-24T14:24:04+00:00","og_image":[{"width":1500,"height":1109,"url":"https:\/\/www.rubau.com\/wp-content\/uploads\/2021\/05\/2021-Jardi-Roques-detall.jpg","type":"image\/jpeg"}],"twitter_card":"summary_large_image","twitter_misc":{"Escrit per":"","Temps estimat de lectura":"1 minut"},"schema":{"@context":"https:\/\/schema.org","@graph":[{"@type":"Article","@id":"https:\/\/www.rubau.com\/ca\/aridcal-i-rubau-participen-de-la-creacio-del-nou-projecte-museistic-de-la-udg-el-jardi-de-les-roques__trashed\/#article","isPartOf":{"@id":"https:\/\/www.rubau.com\/ca\/aridcal-i-rubau-participen-de-la-creacio-del-nou-projecte-museistic-de-la-udg-el-jardi-de-les-roques__trashed\/"},"author":{"name":"","@id":""},"headline":"ARIDCAL I RUBAU PARTICIPEN DE LA CREACI\u00d3 DEL NOU PROJECTE MUSE\u00cdSTIC DE LA UdG: EL JARD\u00cd DE LES ROQUES","datePublished":"2021-05-28T12:15:02+00:00","dateModified":"2025-07-24T14:24:04+00:00","mainEntityOfPage":{"@id":"https:\/\/www.rubau.com\/ca\/aridcal-i-rubau-participen-de-la-creacio-del-nou-projecte-museistic-de-la-udg-el-jardi-de-les-roques__trashed\/"},"wordCount":183,"publisher":{"@id":"https:\/\/www.rubau.com\/#organization"},"image":{"@id":"https:\/\/www.rubau.com\/ca\/aridcal-i-rubau-participen-de-la-creacio-del-nou-projecte-museistic-de-la-udg-el-jardi-de-les-roques__trashed\/#primaryimage"},"thumbnailUrl":"https:\/\/www.rubau.com\/wp-content\/uploads\/2021\/05\/2021-Jardi-Roques-detall.jpg","articleSection":["Not\u00edcies"],"inLanguage":"ca"},{"@type":"WebPage","@id":"https:\/\/www.rubau.com\/ca\/aridcal-i-rubau-participen-de-la-creacio-del-nou-projecte-museistic-de-la-udg-el-jardi-de-les-roques__trashed\/","url":"https:\/\/www.rubau.com\/ca\/aridcal-i-rubau-participen-de-la-creacio-del-nou-projecte-museistic-de-la-udg-el-jardi-de-les-roques__trashed\/","name":"ARIDCAL I RUBAU PARTICIPEN DE LA CREACI\u00d3 DEL NOU PROJECTE MUSE\u00cdSTIC DE LA UdG: EL JARD\u00cd DE LES ROQUES - Rubau","isPartOf":{"@id":"https:\/\/www.rubau.com\/#website"},"primaryImageOfPage":{"@id":"https:\/\/www.rubau.com\/ca\/aridcal-i-rubau-participen-de-la-creacio-del-nou-projecte-museistic-de-la-udg-el-jardi-de-les-roques__trashed\/#primaryimage"},"image":{"@id":"https:\/\/www.rubau.com\/ca\/aridcal-i-rubau-participen-de-la-creacio-del-nou-projecte-museistic-de-la-udg-el-jardi-de-les-roques__trashed\/#primaryimage"},"thumbnailUrl":"https:\/\/www.rubau.com\/wp-content\/uploads\/2021\/05\/2021-Jardi-Roques-detall.jpg","datePublished":"2021-05-28T12:15:02+00:00","dateModified":"2025-07-24T14:24:04+00:00","breadcrumb":{"@id":"https:\/\/www.rubau.com\/ca\/aridcal-i-rubau-participen-de-la-creacio-del-nou-projecte-museistic-de-la-udg-el-jardi-de-les-roques__trashed\/#breadcrumb"},"inLanguage":"ca","potentialAction":[{"@type":"ReadAction","target":["https:\/\/www.rubau.com\/ca\/aridcal-i-rubau-participen-de-la-creacio-del-nou-projecte-museistic-de-la-udg-el-jardi-de-les-roques__trashed\/"]}]},{"@type":"ImageObject","inLanguage":"ca","@id":"https:\/\/www.rubau.com\/ca\/aridcal-i-rubau-participen-de-la-creacio-del-nou-projecte-museistic-de-la-udg-el-jardi-de-les-roques__trashed\/#primaryimage","url":"https:\/\/www.rubau.com\/wp-content\/uploads\/2021\/05\/2021-Jardi-Roques-detall.jpg","contentUrl":"https:\/\/www.rubau.com\/wp-content\/uploads\/2021\/05\/2021-Jardi-Roques-detall.jpg","width":1500,"height":1109,"caption":"Rubau Aridcal"},{"@type":"BreadcrumbList","@id":"https:\/\/www.rubau.com\/ca\/aridcal-i-rubau-participen-de-la-creacio-del-nou-projecte-museistic-de-la-udg-el-jardi-de-les-roques__trashed\/#breadcrumb","itemListElement":[{"@type":"ListItem","position":1,"name":"Portada","item":"https:\/\/www.rubau.com\/"},{"@type":"ListItem","position":2,"name":"ARIDCAL I RUBAU PARTICIPEN DE LA CREACI\u00d3 DEL NOU PROJECTE MUSE\u00cdSTIC DE LA UdG: EL JARD\u00cd DE LES ROQUES"}]},{"@type":"WebSite","@id":"https:\/\/www.rubau.com\/#website","url":"https:\/\/www.rubau.com\/","name":"Rubau","description":"Construccions RUBAU","publisher":{"@id":"https:\/\/www.rubau.com\/#organization"},"potentialAction":[{"@type":"SearchAction","target":{"@type":"EntryPoint","urlTemplate":"https:\/\/www.rubau.com\/?s={search_term_string}"},"query-input":{"@type":"PropertyValueSpecification","valueRequired":true,"valueName":"search_term_string"}}],"inLanguage":"ca"},{"@type":"Organization","@id":"https:\/\/www.rubau.com\/#organization","name":"Rubau","url":"https:\/\/www.rubau.com\/","logo":{"@type":"ImageObject","inLanguage":"ca","@id":"https:\/\/www.rubau.com\/#\/schema\/logo\/image\/","url":"https:\/\/www.rubau.com\/wp-content\/uploads\/2024\/10\/Logo-CONSTRUCCIONS-RUBAU-ES1.png","contentUrl":"https:\/\/www.rubau.com\/wp-content\/uploads\/2024\/10\/Logo-CONSTRUCCIONS-RUBAU-ES1.png","width":1010,"height":200,"caption":"Rubau"},"image":{"@id":"https:\/\/www.rubau.com\/#\/schema\/logo\/image\/"},"sameAs":["https:\/\/www.instagram.com\/construcciones_rubau\/","https:\/\/www.linkedin.com\/company\/construcciones-rubau-s.a."]},{"@type":"Person","@id":"","url":"https:\/\/www.rubau.com\/ca\/author\/"}]}},"_links":{"self":[{"href":"https:\/\/www.rubau.com\/ca\/wp-json\/wp\/v2\/posts\/3030","targetHints":{"allow":["GET"]}}],"collection":[{"href":"https:\/\/www.rubau.com\/ca\/wp-json\/wp\/v2\/posts"}],"about":[{"href":"https:\/\/www.rubau.com\/ca\/wp-json\/wp\/v2\/types\/post"}],"author":[{"embeddable":true,"href":"https:\/\/www.rubau.com\/ca\/wp-json\/wp\/v2\/users\/2"}],"replies":[{"embeddable":true,"href":"https:\/\/www.rubau.com\/ca\/wp-json\/wp\/v2\/comments?post=3030"}],"version-history":[{"count":0,"href":"https:\/\/www.rubau.com\/ca\/wp-json\/wp\/v2\/posts\/3030\/revisions"}],"wp:featuredmedia":[{"embeddable":true,"href":"https:\/\/www.rubau.com\/ca\/wp-json\/wp\/v2\/media\/3027"}],"wp:attachment":[{"href":"https:\/\/www.rubau.com\/ca\/wp-json\/wp\/v2\/media?parent=3030"}],"wp:term":[{"taxonomy":"category","embeddable":true,"href":"https:\/\/www.rubau.com\/ca\/wp-json\/wp\/v2\/categories?post=3030"},{"taxonomy":"post_tag","embeddable":true,"href":"https:\/\/www.rubau.com\/ca\/wp-json\/wp\/v2\/tags?post=3030"}],"curies":[{"name":"wp","href":"https:\/\/api.w.org\/{rel}","templated":true}]}}