{"id":3290,"date":"2021-07-16T10:41:36","date_gmt":"2021-07-16T08:41:36","guid":{"rendered":"https:\/\/www.rubau.com\/?p=3290"},"modified":"2025-07-24T16:24:26","modified_gmt":"2025-07-24T14:24:26","slug":"rubau-es-consolida-com-a-referent-en-obres-daccessibilitat-per-a-les-estacions-de-metro-madrid__trashed","status":"publish","type":"post","link":"https:\/\/www.rubau.com\/ca\/rubau-es-consolida-com-a-referent-en-obres-daccessibilitat-per-a-les-estacions-de-metro-madrid__trashed\/","title":{"rendered":"RUBAU ES CONSOLIDA COM A REFERENT EN OBRES D&#8217;ACCESSIBILITAT PER A LES ESTACIONS DE METRO MADRID"},"content":{"rendered":"<p><span style=\"font-weight: 400;\">RUBAU s&#8217;ha adjudicat els lots corresponents a les estacions de Colonia Jard\u00edn (L10 i ML2 i ML3) i Pinar de Chamart\u00edn (L1 i L4) per a l&#8217;execuci\u00f3 d&#8217;obres d&#8217;implantaci\u00f3 i millora de mesures d&#8217;accessibilitat en estacions de Metro Madrid.<\/span><\/p>\n<p><span style=\"font-weight: 400;\">No \u00e9s la primera vegada que Metro Madrid confia a RUBAU aquest tipus d&#8217;obres, l&#8217;objectiu de les quals \u00e9s facilitar l&#8217;autonomia integral de persones amb discapacitat i necessitats especials. Cal destacar que RUBAU va dur a terme anteriorment les obres d&#8217;accessibilitat de les estacions de Pr\u00edncipe P\u00edo i Plaza Castilla, entre d&#8217;altres.<\/span><\/p>\n<p><span style=\"font-weight: 400;\">Amb l&#8217;objectiu que totes les persones puguin viatjar en igualtat de condicions, el Pla d&#8217;Accessibilitat de Metro Madrid contempla una s\u00e8rie d&#8217;actuacions dirigides a facilitar l&#8217;accessibilitat de les seves instal\u00b7lacions.<\/span><\/p>\n<p><span style=\"font-weight: 400;\">Entre les mesures a implantar per RUBAU a les estacions es troben, entre moltes altres, la instal\u00b7laci\u00f3 d&#8217;elements per a salvar desnivells: ascensors, escales mec\u00e0niques i\/o rampes; la senyalitzaci\u00f3 de vora d&#8217;andana amb paviment longitudinal de botons; la senyalitzaci\u00f3 de zona de seguretat en andanes i m\u00e0quines carteres amb paviment ranurat; la prolongaci\u00f3 de passamans d&#8217;escales fixes i el refor\u00e7 de la senyalitzaci\u00f3 vertical al viatger; l&#8217;adequaci\u00f3 del sistema d&#8217;il\u00b7luminaci\u00f3 en accessos; la instal\u00b7laci\u00f3 de targetes de veu i el marcatge amb text en braille; i l&#8217;eliminaci\u00f3 d&#8217;obstacles i punts de perill.<\/span><\/p>\n<p><span style=\"font-weight: 400;\">Amb la seva participaci\u00f3 en el Pla d&#8217;Accessibilitat de Metro Madrid, RUBAU contribuir\u00e0 a fer m\u00e9s segura, confortable i igualit\u00e0ria una xarxa que forma part de la vida quotidiana de tots els madrilenys.<\/span><\/p>\n<p>&nbsp;<\/p>\n","protected":false},"excerpt":{"rendered":"<p>RUBAU s&#8217;ha adjudicat els lots corresponents a les estacions de Colonia Jard\u00edn (L10 i ML2 i ML3) i Pinar de Chamart\u00edn (L1 i L4) per a l&#8217;execuci\u00f3 d&#8217;obres d&#8217;implantaci\u00f3 i millora de mesures d&#8217;accessibilitat en estacions de Metro Madrid. No \u00e9s la primera vegada que Metro Madrid confia a RUBAU aquest tipus d&#8217;obres, l&#8217;objectiu de [&hellip;]<\/p>\n","protected":false},"author":2,"featured_media":3287,"comment_status":"closed","ping_status":"open","sticky":false,"template":"","format":"standard","meta":{"_acf_changed":false,"footnotes":""},"categories":[6],"tags":[],"class_list":["post-3290","post","type-post","status-publish","format-standard","has-post-thumbnail","hentry","category-noticies"],"acf":[],"yoast_head":"<!-- This site is optimized with the Yoast SEO plugin v26.5 - https:\/\/yoast.com\/wordpress\/plugins\/seo\/ -->\n<title>RUBAU ES CONSOLIDA COM A REFERENT EN OBRES D&#039;ACCESSIBILITAT PER A LES ESTACIONS DE METRO MADRID - Rubau<\/title>\n<meta name=\"robots\" content=\"index, follow, max-snippet:-1, max-image-preview:large, max-video-preview:-1\" \/>\n<link rel=\"canonical\" href=\"https:\/\/www.rubau.com\/ca\/rubau-es-consolida-com-a-referent-en-obres-daccessibilitat-per-a-les-estacions-de-metro-madrid__trashed\/\" \/>\n<meta property=\"og:locale\" content=\"ca_ES\" \/>\n<meta property=\"og:type\" content=\"article\" \/>\n<meta property=\"og:title\" content=\"RUBAU ES CONSOLIDA COM A REFERENT EN OBRES D&#039;ACCESSIBILITAT PER A LES ESTACIONS DE METRO MADRID - Rubau\" \/>\n<meta property=\"og:description\" content=\"RUBAU s&#8217;ha adjudicat els lots corresponents a les estacions de Colonia Jard\u00edn (L10 i ML2 i ML3) i Pinar de Chamart\u00edn (L1 i L4) per a l&#8217;execuci\u00f3 d&#8217;obres d&#8217;implantaci\u00f3 i millora de mesures d&#8217;accessibilitat en estacions de Metro Madrid. No \u00e9s la primera vegada que Metro Madrid confia a RUBAU aquest tipus d&#8217;obres, l&#8217;objectiu de [&hellip;]\" \/>\n<meta property=\"og:url\" content=\"https:\/\/www.rubau.com\/ca\/rubau-es-consolida-com-a-referent-en-obres-daccessibilitat-per-a-les-estacions-de-metro-madrid__trashed\/\" \/>\n<meta property=\"og:site_name\" content=\"Rubau\" \/>\n<meta property=\"article:published_time\" content=\"2021-07-16T08:41:36+00:00\" \/>\n<meta property=\"article:modified_time\" content=\"2025-07-24T14:24:26+00:00\" \/>\n<meta property=\"og:image\" content=\"https:\/\/www.rubau.com\/wp-content\/uploads\/2021\/07\/Metro-Madrid.png\" \/>\n\t<meta property=\"og:image:width\" content=\"939\" \/>\n\t<meta property=\"og:image:height\" content=\"503\" \/>\n\t<meta property=\"og:image:type\" content=\"image\/png\" \/>\n<meta name=\"twitter:card\" content=\"summary_large_image\" \/>\n<meta name=\"twitter:label1\" content=\"Escrit per\" \/>\n\t<meta name=\"twitter:data1\" content=\"\" \/>\n\t<meta name=\"twitter:label2\" content=\"Temps estimat de lectura\" \/>\n\t<meta name=\"twitter:data2\" content=\"1 minut\" \/>\n<script type=\"application\/ld+json\" class=\"yoast-schema-graph\">{\"@context\":\"https:\/\/schema.org\",\"@graph\":[{\"@type\":\"Article\",\"@id\":\"https:\/\/www.rubau.com\/ca\/rubau-es-consolida-com-a-referent-en-obres-daccessibilitat-per-a-les-estacions-de-metro-madrid__trashed\/#article\",\"isPartOf\":{\"@id\":\"https:\/\/www.rubau.com\/ca\/rubau-es-consolida-com-a-referent-en-obres-daccessibilitat-per-a-les-estacions-de-metro-madrid__trashed\/\"},\"author\":{\"name\":\"\",\"@id\":\"\"},\"headline\":\"RUBAU ES CONSOLIDA COM A REFERENT EN OBRES D&#8217;ACCESSIBILITAT PER A LES ESTACIONS DE METRO MADRID\",\"datePublished\":\"2021-07-16T08:41:36+00:00\",\"dateModified\":\"2025-07-24T14:24:26+00:00\",\"mainEntityOfPage\":{\"@id\":\"https:\/\/www.rubau.com\/ca\/rubau-es-consolida-com-a-referent-en-obres-daccessibilitat-per-a-les-estacions-de-metro-madrid__trashed\/\"},\"wordCount\":300,\"publisher\":{\"@id\":\"https:\/\/www.rubau.com\/#organization\"},\"image\":{\"@id\":\"https:\/\/www.rubau.com\/ca\/rubau-es-consolida-com-a-referent-en-obres-daccessibilitat-per-a-les-estacions-de-metro-madrid__trashed\/#primaryimage\"},\"thumbnailUrl\":\"https:\/\/www.rubau.com\/wp-content\/uploads\/2021\/07\/Metro-Madrid.png\",\"articleSection\":[\"Not\u00edcies\"],\"inLanguage\":\"ca\"},{\"@type\":\"WebPage\",\"@id\":\"https:\/\/www.rubau.com\/ca\/rubau-es-consolida-com-a-referent-en-obres-daccessibilitat-per-a-les-estacions-de-metro-madrid__trashed\/\",\"url\":\"https:\/\/www.rubau.com\/ca\/rubau-es-consolida-com-a-referent-en-obres-daccessibilitat-per-a-les-estacions-de-metro-madrid__trashed\/\",\"name\":\"RUBAU ES CONSOLIDA COM A REFERENT EN OBRES D'ACCESSIBILITAT PER A LES ESTACIONS DE METRO MADRID - Rubau\",\"isPartOf\":{\"@id\":\"https:\/\/www.rubau.com\/#website\"},\"primaryImageOfPage\":{\"@id\":\"https:\/\/www.rubau.com\/ca\/rubau-es-consolida-com-a-referent-en-obres-daccessibilitat-per-a-les-estacions-de-metro-madrid__trashed\/#primaryimage\"},\"image\":{\"@id\":\"https:\/\/www.rubau.com\/ca\/rubau-es-consolida-com-a-referent-en-obres-daccessibilitat-per-a-les-estacions-de-metro-madrid__trashed\/#primaryimage\"},\"thumbnailUrl\":\"https:\/\/www.rubau.com\/wp-content\/uploads\/2021\/07\/Metro-Madrid.png\",\"datePublished\":\"2021-07-16T08:41:36+00:00\",\"dateModified\":\"2025-07-24T14:24:26+00:00\",\"breadcrumb\":{\"@id\":\"https:\/\/www.rubau.com\/ca\/rubau-es-consolida-com-a-referent-en-obres-daccessibilitat-per-a-les-estacions-de-metro-madrid__trashed\/#breadcrumb\"},\"inLanguage\":\"ca\",\"potentialAction\":[{\"@type\":\"ReadAction\",\"target\":[\"https:\/\/www.rubau.com\/ca\/rubau-es-consolida-com-a-referent-en-obres-daccessibilitat-per-a-les-estacions-de-metro-madrid__trashed\/\"]}]},{\"@type\":\"ImageObject\",\"inLanguage\":\"ca\",\"@id\":\"https:\/\/www.rubau.com\/ca\/rubau-es-consolida-com-a-referent-en-obres-daccessibilitat-per-a-les-estacions-de-metro-madrid__trashed\/#primaryimage\",\"url\":\"https:\/\/www.rubau.com\/wp-content\/uploads\/2021\/07\/Metro-Madrid.png\",\"contentUrl\":\"https:\/\/www.rubau.com\/wp-content\/uploads\/2021\/07\/Metro-Madrid.png\",\"width\":939,\"height\":503},{\"@type\":\"BreadcrumbList\",\"@id\":\"https:\/\/www.rubau.com\/ca\/rubau-es-consolida-com-a-referent-en-obres-daccessibilitat-per-a-les-estacions-de-metro-madrid__trashed\/#breadcrumb\",\"itemListElement\":[{\"@type\":\"ListItem\",\"position\":1,\"name\":\"Portada\",\"item\":\"https:\/\/www.rubau.com\/\"},{\"@type\":\"ListItem\",\"position\":2,\"name\":\"RUBAU ES CONSOLIDA COM A REFERENT EN OBRES D&#8217;ACCESSIBILITAT PER A LES ESTACIONS DE METRO MADRID\"}]},{\"@type\":\"WebSite\",\"@id\":\"https:\/\/www.rubau.com\/#website\",\"url\":\"https:\/\/www.rubau.com\/\",\"name\":\"Rubau\",\"description\":\"Construccions RUBAU\",\"publisher\":{\"@id\":\"https:\/\/www.rubau.com\/#organization\"},\"potentialAction\":[{\"@type\":\"SearchAction\",\"target\":{\"@type\":\"EntryPoint\",\"urlTemplate\":\"https:\/\/www.rubau.com\/?s={search_term_string}\"},\"query-input\":{\"@type\":\"PropertyValueSpecification\",\"valueRequired\":true,\"valueName\":\"search_term_string\"}}],\"inLanguage\":\"ca\"},{\"@type\":\"Organization\",\"@id\":\"https:\/\/www.rubau.com\/#organization\",\"name\":\"Rubau\",\"url\":\"https:\/\/www.rubau.com\/\",\"logo\":{\"@type\":\"ImageObject\",\"inLanguage\":\"ca\",\"@id\":\"https:\/\/www.rubau.com\/#\/schema\/logo\/image\/\",\"url\":\"https:\/\/www.rubau.com\/wp-content\/uploads\/2024\/10\/Logo-CONSTRUCCIONS-RUBAU-ES1.png\",\"contentUrl\":\"https:\/\/www.rubau.com\/wp-content\/uploads\/2024\/10\/Logo-CONSTRUCCIONS-RUBAU-ES1.png\",\"width\":1010,\"height\":200,\"caption\":\"Rubau\"},\"image\":{\"@id\":\"https:\/\/www.rubau.com\/#\/schema\/logo\/image\/\"},\"sameAs\":[\"https:\/\/www.instagram.com\/construcciones_rubau\/\",\"https:\/\/www.linkedin.com\/company\/construcciones-rubau-s.a.\"]},{\"@type\":\"Person\",\"@id\":\"\",\"url\":\"https:\/\/www.rubau.com\/ca\/author\/\"}]}<\/script>\n<!-- \/ Yoast SEO plugin. -->","yoast_head_json":{"title":"RUBAU ES CONSOLIDA COM A REFERENT EN OBRES D'ACCESSIBILITAT PER A LES ESTACIONS DE METRO MADRID - Rubau","robots":{"index":"index","follow":"follow","max-snippet":"max-snippet:-1","max-image-preview":"max-image-preview:large","max-video-preview":"max-video-preview:-1"},"canonical":"https:\/\/www.rubau.com\/ca\/rubau-es-consolida-com-a-referent-en-obres-daccessibilitat-per-a-les-estacions-de-metro-madrid__trashed\/","og_locale":"ca_ES","og_type":"article","og_title":"RUBAU ES CONSOLIDA COM A REFERENT EN OBRES D'ACCESSIBILITAT PER A LES ESTACIONS DE METRO MADRID - Rubau","og_description":"RUBAU s&#8217;ha adjudicat els lots corresponents a les estacions de Colonia Jard\u00edn (L10 i ML2 i ML3) i Pinar de Chamart\u00edn (L1 i L4) per a l&#8217;execuci\u00f3 d&#8217;obres d&#8217;implantaci\u00f3 i millora de mesures d&#8217;accessibilitat en estacions de Metro Madrid. No \u00e9s la primera vegada que Metro Madrid confia a RUBAU aquest tipus d&#8217;obres, l&#8217;objectiu de [&hellip;]","og_url":"https:\/\/www.rubau.com\/ca\/rubau-es-consolida-com-a-referent-en-obres-daccessibilitat-per-a-les-estacions-de-metro-madrid__trashed\/","og_site_name":"Rubau","article_published_time":"2021-07-16T08:41:36+00:00","article_modified_time":"2025-07-24T14:24:26+00:00","og_image":[{"width":939,"height":503,"url":"https:\/\/www.rubau.com\/wp-content\/uploads\/2021\/07\/Metro-Madrid.png","type":"image\/png"}],"twitter_card":"summary_large_image","twitter_misc":{"Escrit per":"","Temps estimat de lectura":"1 minut"},"schema":{"@context":"https:\/\/schema.org","@graph":[{"@type":"Article","@id":"https:\/\/www.rubau.com\/ca\/rubau-es-consolida-com-a-referent-en-obres-daccessibilitat-per-a-les-estacions-de-metro-madrid__trashed\/#article","isPartOf":{"@id":"https:\/\/www.rubau.com\/ca\/rubau-es-consolida-com-a-referent-en-obres-daccessibilitat-per-a-les-estacions-de-metro-madrid__trashed\/"},"author":{"name":"","@id":""},"headline":"RUBAU ES CONSOLIDA COM A REFERENT EN OBRES D&#8217;ACCESSIBILITAT PER A LES ESTACIONS DE METRO MADRID","datePublished":"2021-07-16T08:41:36+00:00","dateModified":"2025-07-24T14:24:26+00:00","mainEntityOfPage":{"@id":"https:\/\/www.rubau.com\/ca\/rubau-es-consolida-com-a-referent-en-obres-daccessibilitat-per-a-les-estacions-de-metro-madrid__trashed\/"},"wordCount":300,"publisher":{"@id":"https:\/\/www.rubau.com\/#organization"},"image":{"@id":"https:\/\/www.rubau.com\/ca\/rubau-es-consolida-com-a-referent-en-obres-daccessibilitat-per-a-les-estacions-de-metro-madrid__trashed\/#primaryimage"},"thumbnailUrl":"https:\/\/www.rubau.com\/wp-content\/uploads\/2021\/07\/Metro-Madrid.png","articleSection":["Not\u00edcies"],"inLanguage":"ca"},{"@type":"WebPage","@id":"https:\/\/www.rubau.com\/ca\/rubau-es-consolida-com-a-referent-en-obres-daccessibilitat-per-a-les-estacions-de-metro-madrid__trashed\/","url":"https:\/\/www.rubau.com\/ca\/rubau-es-consolida-com-a-referent-en-obres-daccessibilitat-per-a-les-estacions-de-metro-madrid__trashed\/","name":"RUBAU ES CONSOLIDA COM A REFERENT EN OBRES D'ACCESSIBILITAT PER A LES ESTACIONS DE METRO MADRID - Rubau","isPartOf":{"@id":"https:\/\/www.rubau.com\/#website"},"primaryImageOfPage":{"@id":"https:\/\/www.rubau.com\/ca\/rubau-es-consolida-com-a-referent-en-obres-daccessibilitat-per-a-les-estacions-de-metro-madrid__trashed\/#primaryimage"},"image":{"@id":"https:\/\/www.rubau.com\/ca\/rubau-es-consolida-com-a-referent-en-obres-daccessibilitat-per-a-les-estacions-de-metro-madrid__trashed\/#primaryimage"},"thumbnailUrl":"https:\/\/www.rubau.com\/wp-content\/uploads\/2021\/07\/Metro-Madrid.png","datePublished":"2021-07-16T08:41:36+00:00","dateModified":"2025-07-24T14:24:26+00:00","breadcrumb":{"@id":"https:\/\/www.rubau.com\/ca\/rubau-es-consolida-com-a-referent-en-obres-daccessibilitat-per-a-les-estacions-de-metro-madrid__trashed\/#breadcrumb"},"inLanguage":"ca","potentialAction":[{"@type":"ReadAction","target":["https:\/\/www.rubau.com\/ca\/rubau-es-consolida-com-a-referent-en-obres-daccessibilitat-per-a-les-estacions-de-metro-madrid__trashed\/"]}]},{"@type":"ImageObject","inLanguage":"ca","@id":"https:\/\/www.rubau.com\/ca\/rubau-es-consolida-com-a-referent-en-obres-daccessibilitat-per-a-les-estacions-de-metro-madrid__trashed\/#primaryimage","url":"https:\/\/www.rubau.com\/wp-content\/uploads\/2021\/07\/Metro-Madrid.png","contentUrl":"https:\/\/www.rubau.com\/wp-content\/uploads\/2021\/07\/Metro-Madrid.png","width":939,"height":503},{"@type":"BreadcrumbList","@id":"https:\/\/www.rubau.com\/ca\/rubau-es-consolida-com-a-referent-en-obres-daccessibilitat-per-a-les-estacions-de-metro-madrid__trashed\/#breadcrumb","itemListElement":[{"@type":"ListItem","position":1,"name":"Portada","item":"https:\/\/www.rubau.com\/"},{"@type":"ListItem","position":2,"name":"RUBAU ES CONSOLIDA COM A REFERENT EN OBRES D&#8217;ACCESSIBILITAT PER A LES ESTACIONS DE METRO MADRID"}]},{"@type":"WebSite","@id":"https:\/\/www.rubau.com\/#website","url":"https:\/\/www.rubau.com\/","name":"Rubau","description":"Construccions RUBAU","publisher":{"@id":"https:\/\/www.rubau.com\/#organization"},"potentialAction":[{"@type":"SearchAction","target":{"@type":"EntryPoint","urlTemplate":"https:\/\/www.rubau.com\/?s={search_term_string}"},"query-input":{"@type":"PropertyValueSpecification","valueRequired":true,"valueName":"search_term_string"}}],"inLanguage":"ca"},{"@type":"Organization","@id":"https:\/\/www.rubau.com\/#organization","name":"Rubau","url":"https:\/\/www.rubau.com\/","logo":{"@type":"ImageObject","inLanguage":"ca","@id":"https:\/\/www.rubau.com\/#\/schema\/logo\/image\/","url":"https:\/\/www.rubau.com\/wp-content\/uploads\/2024\/10\/Logo-CONSTRUCCIONS-RUBAU-ES1.png","contentUrl":"https:\/\/www.rubau.com\/wp-content\/uploads\/2024\/10\/Logo-CONSTRUCCIONS-RUBAU-ES1.png","width":1010,"height":200,"caption":"Rubau"},"image":{"@id":"https:\/\/www.rubau.com\/#\/schema\/logo\/image\/"},"sameAs":["https:\/\/www.instagram.com\/construcciones_rubau\/","https:\/\/www.linkedin.com\/company\/construcciones-rubau-s.a."]},{"@type":"Person","@id":"","url":"https:\/\/www.rubau.com\/ca\/author\/"}]}},"_links":{"self":[{"href":"https:\/\/www.rubau.com\/ca\/wp-json\/wp\/v2\/posts\/3290","targetHints":{"allow":["GET"]}}],"collection":[{"href":"https:\/\/www.rubau.com\/ca\/wp-json\/wp\/v2\/posts"}],"about":[{"href":"https:\/\/www.rubau.com\/ca\/wp-json\/wp\/v2\/types\/post"}],"author":[{"embeddable":true,"href":"https:\/\/www.rubau.com\/ca\/wp-json\/wp\/v2\/users\/2"}],"replies":[{"embeddable":true,"href":"https:\/\/www.rubau.com\/ca\/wp-json\/wp\/v2\/comments?post=3290"}],"version-history":[{"count":0,"href":"https:\/\/www.rubau.com\/ca\/wp-json\/wp\/v2\/posts\/3290\/revisions"}],"wp:featuredmedia":[{"embeddable":true,"href":"https:\/\/www.rubau.com\/ca\/wp-json\/wp\/v2\/media\/3287"}],"wp:attachment":[{"href":"https:\/\/www.rubau.com\/ca\/wp-json\/wp\/v2\/media?parent=3290"}],"wp:term":[{"taxonomy":"category","embeddable":true,"href":"https:\/\/www.rubau.com\/ca\/wp-json\/wp\/v2\/categories?post=3290"},{"taxonomy":"post_tag","embeddable":true,"href":"https:\/\/www.rubau.com\/ca\/wp-json\/wp\/v2\/tags?post=3290"}],"curies":[{"name":"wp","href":"https:\/\/api.w.org\/{rel}","templated":true}]}}