{"id":3937,"date":"2022-09-07T10:52:03","date_gmt":"2022-09-07T08:52:03","guid":{"rendered":"https:\/\/www.rubau.com\/?p=3937"},"modified":"2025-07-24T16:25:08","modified_gmt":"2025-07-24T14:25:08","slug":"arema-entra-per-la-porta-gran-al-mercat-de-la-gestio-de-residus-adjudicant-se-girona-i-granollers__trashed","status":"publish","type":"post","link":"https:\/\/www.rubau.com\/ca\/arema-entra-per-la-porta-gran-al-mercat-de-la-gestio-de-residus-adjudicant-se-girona-i-granollers__trashed\/","title":{"rendered":"AREMA ENTRA PER LA PORTA GRAN AL MERCAT DE LA GESTI\u00d3 DE RESIDUS ADJUDICANT-SE GIRONA I GRANOLLERS"},"content":{"rendered":"<p><span style=\"font-weight: 400;\">AREMA, en UTE amb FCC, ha entrat per la porta gran al mercat de la gesti\u00f3 de serveis urbans amb l&#8217;adjudicaci\u00f3 de dos grans contractes pel servei de recollida de residus i neteja vi\u00e0ria a les ciutats de Girona i Granollers a partir d&#8217;aquest mes de setembre. El contracte de Girona \u00e9s de 168 milions d&#8217;euros amb una durada prevista de 8 anys, i el contracte de Granollers \u00e9s de 51 milions d&#8217;euros amb una durada de 10 anys. La prestaci\u00f3 d\u2019aquests serveis suposa la subrogaci\u00f3 de m\u00e9s de 270 professionals.<\/span><\/p>\n<p><span style=\"font-weight: 400;\">El servei, que es presta de manera integral, engloba la recollida, transport i tractament de tot tipus de residus urbans. La realitzaci\u00f3 s&#8217;efectuar\u00e0 aplicant els protocols m\u00e9s rigorosos de seguretat, qualitat i efici\u00e8ncia, i sempre a l&#8217;empara del comprom\u00eds de GRUPO RUBAU amb la transici\u00f3 ecol\u00f2gica i el desenvolupament sostenible.<\/span><\/p>\n<p><span style=\"font-weight: 400;\">Tots dos contractes aposten per la innovaci\u00f3 i, en aquest sentit, cal destacar la ciutat de Girona, on est\u00e0 prevista una posada en marxa al desembre de 2023 d&#8217;un sistema de recollida porta a porta als barris amb menys densitat de poblaci\u00f3 i la instal\u00b7laci\u00f3, al mar\u00e7 de 2024, de contenidors intel\u00b7ligents a les zones m\u00e9s poblades de la ciutat. A m\u00e9s, s&#8217;habilitar\u00e0n nous punts nets m\u00f2bils i es posar\u00e0 en funcionament un servei de recollida de residus voluminosos. Tot amb l&#8217;objectiu de millorar el benestar dels ciutadans fent les seves ciutats cada cop m\u00e9s sostenibles.<\/span><\/p>\n<p><span style=\"font-weight: 400;\">Amb aquests nous contractes, que donen continu\u00eftat a l&#8217;estrat\u00e8gia de diversificaci\u00f3 de les seves \u00e0rees de negoci, GRUPO RUBAU expressa, una vegada m\u00e9s, la seva aposta per l&#8217;economia circular i el ferm comprom\u00eds amb l&#8217;Agenda 2030.<\/span><\/p>\n","protected":false},"excerpt":{"rendered":"<p>AREMA, en UTE amb FCC, ha entrat per la porta gran al mercat de la gesti\u00f3 de serveis urbans amb l&#8217;adjudicaci\u00f3 de dos grans contractes pel servei de recollida de residus i neteja vi\u00e0ria a les ciutats de Girona i Granollers a partir d&#8217;aquest mes de setembre. El contracte de Girona \u00e9s de 168 milions [&hellip;]<\/p>\n","protected":false},"author":2,"featured_media":3932,"comment_status":"closed","ping_status":"open","sticky":false,"template":"","format":"standard","meta":{"_acf_changed":false,"footnotes":""},"categories":[6],"tags":[],"class_list":["post-3937","post","type-post","status-publish","format-standard","has-post-thumbnail","hentry","category-noticies"],"acf":[],"yoast_head":"<!-- This site is optimized with the Yoast SEO plugin v26.5 - https:\/\/yoast.com\/wordpress\/plugins\/seo\/ -->\n<title>AREMA ENTRA PER LA PORTA GRAN AL MERCAT DE LA GESTI\u00d3 DE RESIDUS ADJUDICANT-SE GIRONA I GRANOLLERS - Rubau<\/title>\n<meta name=\"robots\" content=\"index, follow, max-snippet:-1, max-image-preview:large, max-video-preview:-1\" \/>\n<link rel=\"canonical\" href=\"https:\/\/www.rubau.com\/ca\/arema-entra-per-la-porta-gran-al-mercat-de-la-gestio-de-residus-adjudicant-se-girona-i-granollers__trashed\/\" \/>\n<meta property=\"og:locale\" content=\"ca_ES\" \/>\n<meta property=\"og:type\" content=\"article\" \/>\n<meta property=\"og:title\" content=\"AREMA ENTRA PER LA PORTA GRAN AL MERCAT DE LA GESTI\u00d3 DE RESIDUS ADJUDICANT-SE GIRONA I GRANOLLERS - Rubau\" \/>\n<meta property=\"og:description\" content=\"AREMA, en UTE amb FCC, ha entrat per la porta gran al mercat de la gesti\u00f3 de serveis urbans amb l&#8217;adjudicaci\u00f3 de dos grans contractes pel servei de recollida de residus i neteja vi\u00e0ria a les ciutats de Girona i Granollers a partir d&#8217;aquest mes de setembre. El contracte de Girona \u00e9s de 168 milions [&hellip;]\" \/>\n<meta property=\"og:url\" content=\"https:\/\/www.rubau.com\/ca\/arema-entra-per-la-porta-gran-al-mercat-de-la-gestio-de-residus-adjudicant-se-girona-i-granollers__trashed\/\" \/>\n<meta property=\"og:site_name\" content=\"Rubau\" \/>\n<meta property=\"article:published_time\" content=\"2022-09-07T08:52:03+00:00\" \/>\n<meta property=\"article:modified_time\" content=\"2025-07-24T14:25:08+00:00\" \/>\n<meta property=\"og:image\" content=\"https:\/\/www.rubau.com\/wp-content\/uploads\/2022\/09\/Arema7.jpg\" \/>\n\t<meta property=\"og:image:width\" content=\"451\" \/>\n\t<meta property=\"og:image:height\" content=\"440\" \/>\n\t<meta property=\"og:image:type\" content=\"image\/jpeg\" \/>\n<meta name=\"twitter:card\" content=\"summary_large_image\" \/>\n<meta name=\"twitter:label1\" content=\"Escrit per\" \/>\n\t<meta name=\"twitter:data1\" content=\"\" \/>\n\t<meta name=\"twitter:label2\" content=\"Temps estimat de lectura\" \/>\n\t<meta name=\"twitter:data2\" content=\"1 minut\" \/>\n<script type=\"application\/ld+json\" class=\"yoast-schema-graph\">{\"@context\":\"https:\/\/schema.org\",\"@graph\":[{\"@type\":\"Article\",\"@id\":\"https:\/\/www.rubau.com\/ca\/arema-entra-per-la-porta-gran-al-mercat-de-la-gestio-de-residus-adjudicant-se-girona-i-granollers__trashed\/#article\",\"isPartOf\":{\"@id\":\"https:\/\/www.rubau.com\/ca\/arema-entra-per-la-porta-gran-al-mercat-de-la-gestio-de-residus-adjudicant-se-girona-i-granollers__trashed\/\"},\"author\":{\"name\":\"\",\"@id\":\"\"},\"headline\":\"AREMA ENTRA PER LA PORTA GRAN AL MERCAT DE LA GESTI\u00d3 DE RESIDUS ADJUDICANT-SE GIRONA I GRANOLLERS\",\"datePublished\":\"2022-09-07T08:52:03+00:00\",\"dateModified\":\"2025-07-24T14:25:08+00:00\",\"mainEntityOfPage\":{\"@id\":\"https:\/\/www.rubau.com\/ca\/arema-entra-per-la-porta-gran-al-mercat-de-la-gestio-de-residus-adjudicant-se-girona-i-granollers__trashed\/\"},\"wordCount\":312,\"publisher\":{\"@id\":\"https:\/\/www.rubau.com\/#organization\"},\"image\":{\"@id\":\"https:\/\/www.rubau.com\/ca\/arema-entra-per-la-porta-gran-al-mercat-de-la-gestio-de-residus-adjudicant-se-girona-i-granollers__trashed\/#primaryimage\"},\"thumbnailUrl\":\"https:\/\/www.rubau.com\/wp-content\/uploads\/2022\/09\/Arema7.jpg\",\"articleSection\":[\"Not\u00edcies\"],\"inLanguage\":\"ca\"},{\"@type\":\"WebPage\",\"@id\":\"https:\/\/www.rubau.com\/ca\/arema-entra-per-la-porta-gran-al-mercat-de-la-gestio-de-residus-adjudicant-se-girona-i-granollers__trashed\/\",\"url\":\"https:\/\/www.rubau.com\/ca\/arema-entra-per-la-porta-gran-al-mercat-de-la-gestio-de-residus-adjudicant-se-girona-i-granollers__trashed\/\",\"name\":\"AREMA ENTRA PER LA PORTA GRAN AL MERCAT DE LA GESTI\u00d3 DE RESIDUS ADJUDICANT-SE GIRONA I GRANOLLERS - Rubau\",\"isPartOf\":{\"@id\":\"https:\/\/www.rubau.com\/#website\"},\"primaryImageOfPage\":{\"@id\":\"https:\/\/www.rubau.com\/ca\/arema-entra-per-la-porta-gran-al-mercat-de-la-gestio-de-residus-adjudicant-se-girona-i-granollers__trashed\/#primaryimage\"},\"image\":{\"@id\":\"https:\/\/www.rubau.com\/ca\/arema-entra-per-la-porta-gran-al-mercat-de-la-gestio-de-residus-adjudicant-se-girona-i-granollers__trashed\/#primaryimage\"},\"thumbnailUrl\":\"https:\/\/www.rubau.com\/wp-content\/uploads\/2022\/09\/Arema7.jpg\",\"datePublished\":\"2022-09-07T08:52:03+00:00\",\"dateModified\":\"2025-07-24T14:25:08+00:00\",\"breadcrumb\":{\"@id\":\"https:\/\/www.rubau.com\/ca\/arema-entra-per-la-porta-gran-al-mercat-de-la-gestio-de-residus-adjudicant-se-girona-i-granollers__trashed\/#breadcrumb\"},\"inLanguage\":\"ca\",\"potentialAction\":[{\"@type\":\"ReadAction\",\"target\":[\"https:\/\/www.rubau.com\/ca\/arema-entra-per-la-porta-gran-al-mercat-de-la-gestio-de-residus-adjudicant-se-girona-i-granollers__trashed\/\"]}]},{\"@type\":\"ImageObject\",\"inLanguage\":\"ca\",\"@id\":\"https:\/\/www.rubau.com\/ca\/arema-entra-per-la-porta-gran-al-mercat-de-la-gestio-de-residus-adjudicant-se-girona-i-granollers__trashed\/#primaryimage\",\"url\":\"https:\/\/www.rubau.com\/wp-content\/uploads\/2022\/09\/Arema7.jpg\",\"contentUrl\":\"https:\/\/www.rubau.com\/wp-content\/uploads\/2022\/09\/Arema7.jpg\",\"width\":451,\"height\":440},{\"@type\":\"BreadcrumbList\",\"@id\":\"https:\/\/www.rubau.com\/ca\/arema-entra-per-la-porta-gran-al-mercat-de-la-gestio-de-residus-adjudicant-se-girona-i-granollers__trashed\/#breadcrumb\",\"itemListElement\":[{\"@type\":\"ListItem\",\"position\":1,\"name\":\"Portada\",\"item\":\"https:\/\/www.rubau.com\/\"},{\"@type\":\"ListItem\",\"position\":2,\"name\":\"AREMA ENTRA PER LA PORTA GRAN AL MERCAT DE LA GESTI\u00d3 DE RESIDUS ADJUDICANT-SE GIRONA I GRANOLLERS\"}]},{\"@type\":\"WebSite\",\"@id\":\"https:\/\/www.rubau.com\/#website\",\"url\":\"https:\/\/www.rubau.com\/\",\"name\":\"Rubau\",\"description\":\"Construccions RUBAU\",\"publisher\":{\"@id\":\"https:\/\/www.rubau.com\/#organization\"},\"potentialAction\":[{\"@type\":\"SearchAction\",\"target\":{\"@type\":\"EntryPoint\",\"urlTemplate\":\"https:\/\/www.rubau.com\/?s={search_term_string}\"},\"query-input\":{\"@type\":\"PropertyValueSpecification\",\"valueRequired\":true,\"valueName\":\"search_term_string\"}}],\"inLanguage\":\"ca\"},{\"@type\":\"Organization\",\"@id\":\"https:\/\/www.rubau.com\/#organization\",\"name\":\"Rubau\",\"url\":\"https:\/\/www.rubau.com\/\",\"logo\":{\"@type\":\"ImageObject\",\"inLanguage\":\"ca\",\"@id\":\"https:\/\/www.rubau.com\/#\/schema\/logo\/image\/\",\"url\":\"https:\/\/www.rubau.com\/wp-content\/uploads\/2024\/10\/Logo-CONSTRUCCIONS-RUBAU-ES1.png\",\"contentUrl\":\"https:\/\/www.rubau.com\/wp-content\/uploads\/2024\/10\/Logo-CONSTRUCCIONS-RUBAU-ES1.png\",\"width\":1010,\"height\":200,\"caption\":\"Rubau\"},\"image\":{\"@id\":\"https:\/\/www.rubau.com\/#\/schema\/logo\/image\/\"},\"sameAs\":[\"https:\/\/www.instagram.com\/construcciones_rubau\/\",\"https:\/\/www.linkedin.com\/company\/construcciones-rubau-s.a.\"]},{\"@type\":\"Person\",\"@id\":\"\",\"url\":\"https:\/\/www.rubau.com\/ca\/author\/\"}]}<\/script>\n<!-- \/ Yoast SEO plugin. -->","yoast_head_json":{"title":"AREMA ENTRA PER LA PORTA GRAN AL MERCAT DE LA GESTI\u00d3 DE RESIDUS ADJUDICANT-SE GIRONA I GRANOLLERS - Rubau","robots":{"index":"index","follow":"follow","max-snippet":"max-snippet:-1","max-image-preview":"max-image-preview:large","max-video-preview":"max-video-preview:-1"},"canonical":"https:\/\/www.rubau.com\/ca\/arema-entra-per-la-porta-gran-al-mercat-de-la-gestio-de-residus-adjudicant-se-girona-i-granollers__trashed\/","og_locale":"ca_ES","og_type":"article","og_title":"AREMA ENTRA PER LA PORTA GRAN AL MERCAT DE LA GESTI\u00d3 DE RESIDUS ADJUDICANT-SE GIRONA I GRANOLLERS - Rubau","og_description":"AREMA, en UTE amb FCC, ha entrat per la porta gran al mercat de la gesti\u00f3 de serveis urbans amb l&#8217;adjudicaci\u00f3 de dos grans contractes pel servei de recollida de residus i neteja vi\u00e0ria a les ciutats de Girona i Granollers a partir d&#8217;aquest mes de setembre. El contracte de Girona \u00e9s de 168 milions [&hellip;]","og_url":"https:\/\/www.rubau.com\/ca\/arema-entra-per-la-porta-gran-al-mercat-de-la-gestio-de-residus-adjudicant-se-girona-i-granollers__trashed\/","og_site_name":"Rubau","article_published_time":"2022-09-07T08:52:03+00:00","article_modified_time":"2025-07-24T14:25:08+00:00","og_image":[{"width":451,"height":440,"url":"https:\/\/www.rubau.com\/wp-content\/uploads\/2022\/09\/Arema7.jpg","type":"image\/jpeg"}],"twitter_card":"summary_large_image","twitter_misc":{"Escrit per":"","Temps estimat de lectura":"1 minut"},"schema":{"@context":"https:\/\/schema.org","@graph":[{"@type":"Article","@id":"https:\/\/www.rubau.com\/ca\/arema-entra-per-la-porta-gran-al-mercat-de-la-gestio-de-residus-adjudicant-se-girona-i-granollers__trashed\/#article","isPartOf":{"@id":"https:\/\/www.rubau.com\/ca\/arema-entra-per-la-porta-gran-al-mercat-de-la-gestio-de-residus-adjudicant-se-girona-i-granollers__trashed\/"},"author":{"name":"","@id":""},"headline":"AREMA ENTRA PER LA PORTA GRAN AL MERCAT DE LA GESTI\u00d3 DE RESIDUS ADJUDICANT-SE GIRONA I GRANOLLERS","datePublished":"2022-09-07T08:52:03+00:00","dateModified":"2025-07-24T14:25:08+00:00","mainEntityOfPage":{"@id":"https:\/\/www.rubau.com\/ca\/arema-entra-per-la-porta-gran-al-mercat-de-la-gestio-de-residus-adjudicant-se-girona-i-granollers__trashed\/"},"wordCount":312,"publisher":{"@id":"https:\/\/www.rubau.com\/#organization"},"image":{"@id":"https:\/\/www.rubau.com\/ca\/arema-entra-per-la-porta-gran-al-mercat-de-la-gestio-de-residus-adjudicant-se-girona-i-granollers__trashed\/#primaryimage"},"thumbnailUrl":"https:\/\/www.rubau.com\/wp-content\/uploads\/2022\/09\/Arema7.jpg","articleSection":["Not\u00edcies"],"inLanguage":"ca"},{"@type":"WebPage","@id":"https:\/\/www.rubau.com\/ca\/arema-entra-per-la-porta-gran-al-mercat-de-la-gestio-de-residus-adjudicant-se-girona-i-granollers__trashed\/","url":"https:\/\/www.rubau.com\/ca\/arema-entra-per-la-porta-gran-al-mercat-de-la-gestio-de-residus-adjudicant-se-girona-i-granollers__trashed\/","name":"AREMA ENTRA PER LA PORTA GRAN AL MERCAT DE LA GESTI\u00d3 DE RESIDUS ADJUDICANT-SE GIRONA I GRANOLLERS - Rubau","isPartOf":{"@id":"https:\/\/www.rubau.com\/#website"},"primaryImageOfPage":{"@id":"https:\/\/www.rubau.com\/ca\/arema-entra-per-la-porta-gran-al-mercat-de-la-gestio-de-residus-adjudicant-se-girona-i-granollers__trashed\/#primaryimage"},"image":{"@id":"https:\/\/www.rubau.com\/ca\/arema-entra-per-la-porta-gran-al-mercat-de-la-gestio-de-residus-adjudicant-se-girona-i-granollers__trashed\/#primaryimage"},"thumbnailUrl":"https:\/\/www.rubau.com\/wp-content\/uploads\/2022\/09\/Arema7.jpg","datePublished":"2022-09-07T08:52:03+00:00","dateModified":"2025-07-24T14:25:08+00:00","breadcrumb":{"@id":"https:\/\/www.rubau.com\/ca\/arema-entra-per-la-porta-gran-al-mercat-de-la-gestio-de-residus-adjudicant-se-girona-i-granollers__trashed\/#breadcrumb"},"inLanguage":"ca","potentialAction":[{"@type":"ReadAction","target":["https:\/\/www.rubau.com\/ca\/arema-entra-per-la-porta-gran-al-mercat-de-la-gestio-de-residus-adjudicant-se-girona-i-granollers__trashed\/"]}]},{"@type":"ImageObject","inLanguage":"ca","@id":"https:\/\/www.rubau.com\/ca\/arema-entra-per-la-porta-gran-al-mercat-de-la-gestio-de-residus-adjudicant-se-girona-i-granollers__trashed\/#primaryimage","url":"https:\/\/www.rubau.com\/wp-content\/uploads\/2022\/09\/Arema7.jpg","contentUrl":"https:\/\/www.rubau.com\/wp-content\/uploads\/2022\/09\/Arema7.jpg","width":451,"height":440},{"@type":"BreadcrumbList","@id":"https:\/\/www.rubau.com\/ca\/arema-entra-per-la-porta-gran-al-mercat-de-la-gestio-de-residus-adjudicant-se-girona-i-granollers__trashed\/#breadcrumb","itemListElement":[{"@type":"ListItem","position":1,"name":"Portada","item":"https:\/\/www.rubau.com\/"},{"@type":"ListItem","position":2,"name":"AREMA ENTRA PER LA PORTA GRAN AL MERCAT DE LA GESTI\u00d3 DE RESIDUS ADJUDICANT-SE GIRONA I GRANOLLERS"}]},{"@type":"WebSite","@id":"https:\/\/www.rubau.com\/#website","url":"https:\/\/www.rubau.com\/","name":"Rubau","description":"Construccions RUBAU","publisher":{"@id":"https:\/\/www.rubau.com\/#organization"},"potentialAction":[{"@type":"SearchAction","target":{"@type":"EntryPoint","urlTemplate":"https:\/\/www.rubau.com\/?s={search_term_string}"},"query-input":{"@type":"PropertyValueSpecification","valueRequired":true,"valueName":"search_term_string"}}],"inLanguage":"ca"},{"@type":"Organization","@id":"https:\/\/www.rubau.com\/#organization","name":"Rubau","url":"https:\/\/www.rubau.com\/","logo":{"@type":"ImageObject","inLanguage":"ca","@id":"https:\/\/www.rubau.com\/#\/schema\/logo\/image\/","url":"https:\/\/www.rubau.com\/wp-content\/uploads\/2024\/10\/Logo-CONSTRUCCIONS-RUBAU-ES1.png","contentUrl":"https:\/\/www.rubau.com\/wp-content\/uploads\/2024\/10\/Logo-CONSTRUCCIONS-RUBAU-ES1.png","width":1010,"height":200,"caption":"Rubau"},"image":{"@id":"https:\/\/www.rubau.com\/#\/schema\/logo\/image\/"},"sameAs":["https:\/\/www.instagram.com\/construcciones_rubau\/","https:\/\/www.linkedin.com\/company\/construcciones-rubau-s.a."]},{"@type":"Person","@id":"","url":"https:\/\/www.rubau.com\/ca\/author\/"}]}},"_links":{"self":[{"href":"https:\/\/www.rubau.com\/ca\/wp-json\/wp\/v2\/posts\/3937","targetHints":{"allow":["GET"]}}],"collection":[{"href":"https:\/\/www.rubau.com\/ca\/wp-json\/wp\/v2\/posts"}],"about":[{"href":"https:\/\/www.rubau.com\/ca\/wp-json\/wp\/v2\/types\/post"}],"author":[{"embeddable":true,"href":"https:\/\/www.rubau.com\/ca\/wp-json\/wp\/v2\/users\/2"}],"replies":[{"embeddable":true,"href":"https:\/\/www.rubau.com\/ca\/wp-json\/wp\/v2\/comments?post=3937"}],"version-history":[{"count":0,"href":"https:\/\/www.rubau.com\/ca\/wp-json\/wp\/v2\/posts\/3937\/revisions"}],"wp:featuredmedia":[{"embeddable":true,"href":"https:\/\/www.rubau.com\/ca\/wp-json\/wp\/v2\/media\/3932"}],"wp:attachment":[{"href":"https:\/\/www.rubau.com\/ca\/wp-json\/wp\/v2\/media?parent=3937"}],"wp:term":[{"taxonomy":"category","embeddable":true,"href":"https:\/\/www.rubau.com\/ca\/wp-json\/wp\/v2\/categories?post=3937"},{"taxonomy":"post_tag","embeddable":true,"href":"https:\/\/www.rubau.com\/ca\/wp-json\/wp\/v2\/tags?post=3937"}],"curies":[{"name":"wp","href":"https:\/\/api.w.org\/{rel}","templated":true}]}}