{"id":3955,"date":"2022-10-11T15:09:34","date_gmt":"2022-10-11T13:09:34","guid":{"rendered":"https:\/\/www.rubau.com\/?p=3955"},"modified":"2025-07-24T16:25:11","modified_gmt":"2025-07-24T14:25:11","slug":"rubau-posa-en-marxa-la-remodelacio-de-la-iconica-rambla-de-barcelona__trashed","status":"publish","type":"post","link":"https:\/\/www.rubau.com\/ca\/rubau-posa-en-marxa-la-remodelacio-de-la-iconica-rambla-de-barcelona__trashed\/","title":{"rendered":"RUBAU POSA EN MARXA LA REMODELACI\u00d3 DE LA IC\u00d2NICA RAMBLA DE BARCELONA"},"content":{"rendered":"<p><span style=\"font-weight: 400;\">RUBAU, en UTE amb Romero Polo, ha iniciat aquest mes d&#8217;octubre les obres que transformaran l&#8217;emblem\u00e0tica Rambla de Barcelona. Es tracta del primer dels cinc trams previstos que abasta des del monument a Colom fins a Santa Madrona. La intervenci\u00f3, amb una durada prevista de 18 mesos, convertir\u00e0 la zona en un passeig amb m\u00e9s espai per als vianants, confortable, verd, amable i cultural.<\/span><\/p>\n<p><span style=\"font-weight: 400;\">En aquest primer tram, La Rambla experimentar\u00e0 un canvi important, que modificar\u00e0 el tra\u00e7at de l&#8217;avinguda de les Drassanes per millorar la connexi\u00f3 amb el litoral i allargar\u00e0 el passeig amb un nou espai urb\u00e0 per a vianants que eixamplar\u00e0 la mateixa Rambla al seu tram final. Es crear\u00e0, tamb\u00e9, una pla\u00e7a amb arbrat pensada per incentivar els usos socials i renovar la trobada entre el passeig, les Drassanes i Colom. Entre les millores previstes, destaquen:<\/span><\/p>\n<ul>\n<li style=\"font-weight: 400;\" aria-level=\"1\"><span style=\"font-weight: 400;\">La renovaci\u00f3 del paviment, eliminant l&#8217;asfalt, amb diferents formats de pedra natural (granit i p\u00f2rfir).<\/span><\/li>\n<li style=\"font-weight: 400;\" aria-level=\"1\"><span style=\"font-weight: 400;\">La millora a l&#8217;arbrat amb m\u00e9s d&#8217;un centenar d&#8217;exemplars, amb escocells m\u00e9s amples i millores al subs\u00f2l.<\/span><\/li>\n<li style=\"font-weight: 400;\" aria-level=\"1\"><span style=\"font-weight: 400;\">La instal\u00b7laci\u00f3 d&#8217;un centenar de bancs per generar espais de trobada.<\/span><\/li>\n<li style=\"font-weight: 400;\" aria-level=\"1\"><span style=\"font-weight: 400;\">La unificaci\u00f3 de l&#8217;enllumenat amb un disseny \u00fanic creat exclusivament per a la Rambla.<\/span><\/li>\n<li style=\"font-weight: 400;\" aria-level=\"1\"><span style=\"font-weight: 400;\">La incorporaci\u00f3 de pilons de seguretat, a petici\u00f3 de la Junta Local de Seguretat.<\/span><\/li>\n<\/ul>\n<p><span style=\"font-weight: 400;\">Les obres es faran per fases, per evitar l&#8217;ocupaci\u00f3 simult\u00e0nia dels dos costats de la via. Quan actu\u00ef als vials de pujada i baixada es far\u00e0 per meitats, de manera que es garantiran els accessos i el pas dels ve\u00efns, serveis, bicicletes i vehicles d&#8217;emerg\u00e8ncia. Tamb\u00e9 es podr\u00e0 accedir als guals i aparcaments en tot moment, i no hi haur\u00e0 cap alteraci\u00f3 del transport p\u00fablic.<\/span><\/p>\n<p><span style=\"font-weight: 400;\">RUBAU s&#8217;enorgulleix de dur a terme l&#8217;execuci\u00f3 d&#8217;unes obres que posen en valor i reivindiquen, com a espai ciutad\u00e0 i cultural, la Rambla, el passeig m\u00e9s ic\u00f2nic de la ciutat comtal.<\/span><\/p>\n","protected":false},"excerpt":{"rendered":"<p>RUBAU, en UTE amb Romero Polo, ha iniciat aquest mes d&#8217;octubre les obres que transformaran l&#8217;emblem\u00e0tica Rambla de Barcelona. Es tracta del primer dels cinc trams previstos que abasta des del monument a Colom fins a Santa Madrona. La intervenci\u00f3, amb una durada prevista de 18 mesos, convertir\u00e0 la zona en un passeig amb m\u00e9s [&hellip;]<\/p>\n","protected":false},"author":2,"featured_media":3952,"comment_status":"closed","ping_status":"open","sticky":false,"template":"","format":"standard","meta":{"_acf_changed":false,"footnotes":""},"categories":[120,6],"tags":[],"class_list":["post-3955","post","type-post","status-publish","format-standard","has-post-thumbnail","hentry","category-grupo-rubau-ca","category-noticies"],"acf":[],"yoast_head":"<!-- This site is optimized with the Yoast SEO plugin v26.5 - https:\/\/yoast.com\/wordpress\/plugins\/seo\/ -->\n<title>RUBAU POSA EN MARXA LA REMODELACI\u00d3 DE LA IC\u00d2NICA RAMBLA DE BARCELONA - Rubau<\/title>\n<meta name=\"robots\" content=\"index, follow, max-snippet:-1, max-image-preview:large, max-video-preview:-1\" \/>\n<link rel=\"canonical\" href=\"https:\/\/www.rubau.com\/ca\/rubau-posa-en-marxa-la-remodelacio-de-la-iconica-rambla-de-barcelona__trashed\/\" \/>\n<meta property=\"og:locale\" content=\"ca_ES\" \/>\n<meta property=\"og:type\" content=\"article\" \/>\n<meta property=\"og:title\" content=\"RUBAU POSA EN MARXA LA REMODELACI\u00d3 DE LA IC\u00d2NICA RAMBLA DE BARCELONA - Rubau\" \/>\n<meta property=\"og:description\" content=\"RUBAU, en UTE amb Romero Polo, ha iniciat aquest mes d&#8217;octubre les obres que transformaran l&#8217;emblem\u00e0tica Rambla de Barcelona. Es tracta del primer dels cinc trams previstos que abasta des del monument a Colom fins a Santa Madrona. La intervenci\u00f3, amb una durada prevista de 18 mesos, convertir\u00e0 la zona en un passeig amb m\u00e9s [&hellip;]\" \/>\n<meta property=\"og:url\" content=\"https:\/\/www.rubau.com\/ca\/rubau-posa-en-marxa-la-remodelacio-de-la-iconica-rambla-de-barcelona__trashed\/\" \/>\n<meta property=\"og:site_name\" content=\"Rubau\" \/>\n<meta property=\"article:published_time\" content=\"2022-10-11T13:09:34+00:00\" \/>\n<meta property=\"article:modified_time\" content=\"2025-07-24T14:25:11+00:00\" \/>\n<meta property=\"og:image\" content=\"https:\/\/www.rubau.com\/wp-content\/uploads\/2022\/10\/Remodelacion-Ramblas.1..jpg\" \/>\n\t<meta property=\"og:image:width\" content=\"380\" \/>\n\t<meta property=\"og:image:height\" content=\"214\" \/>\n\t<meta property=\"og:image:type\" content=\"image\/jpeg\" \/>\n<meta name=\"twitter:card\" content=\"summary_large_image\" \/>\n<meta name=\"twitter:label1\" content=\"Escrit per\" \/>\n\t<meta name=\"twitter:data1\" content=\"\" \/>\n\t<meta name=\"twitter:label2\" content=\"Temps estimat de lectura\" \/>\n\t<meta name=\"twitter:data2\" content=\"2 minuts\" \/>\n<script type=\"application\/ld+json\" class=\"yoast-schema-graph\">{\"@context\":\"https:\/\/schema.org\",\"@graph\":[{\"@type\":\"Article\",\"@id\":\"https:\/\/www.rubau.com\/ca\/rubau-posa-en-marxa-la-remodelacio-de-la-iconica-rambla-de-barcelona__trashed\/#article\",\"isPartOf\":{\"@id\":\"https:\/\/www.rubau.com\/ca\/rubau-posa-en-marxa-la-remodelacio-de-la-iconica-rambla-de-barcelona__trashed\/\"},\"author\":{\"name\":\"\",\"@id\":\"\"},\"headline\":\"RUBAU POSA EN MARXA LA REMODELACI\u00d3 DE LA IC\u00d2NICA RAMBLA DE BARCELONA\",\"datePublished\":\"2022-10-11T13:09:34+00:00\",\"dateModified\":\"2025-07-24T14:25:11+00:00\",\"mainEntityOfPage\":{\"@id\":\"https:\/\/www.rubau.com\/ca\/rubau-posa-en-marxa-la-remodelacio-de-la-iconica-rambla-de-barcelona__trashed\/\"},\"wordCount\":348,\"publisher\":{\"@id\":\"https:\/\/www.rubau.com\/#organization\"},\"image\":{\"@id\":\"https:\/\/www.rubau.com\/ca\/rubau-posa-en-marxa-la-remodelacio-de-la-iconica-rambla-de-barcelona__trashed\/#primaryimage\"},\"thumbnailUrl\":\"https:\/\/www.rubau.com\/wp-content\/uploads\/2022\/10\/Remodelacion-Ramblas.1..jpg\",\"articleSection\":[\"GRUPO RUBAU\",\"Not\u00edcies\"],\"inLanguage\":\"ca\"},{\"@type\":\"WebPage\",\"@id\":\"https:\/\/www.rubau.com\/ca\/rubau-posa-en-marxa-la-remodelacio-de-la-iconica-rambla-de-barcelona__trashed\/\",\"url\":\"https:\/\/www.rubau.com\/ca\/rubau-posa-en-marxa-la-remodelacio-de-la-iconica-rambla-de-barcelona__trashed\/\",\"name\":\"RUBAU POSA EN MARXA LA REMODELACI\u00d3 DE LA IC\u00d2NICA RAMBLA DE BARCELONA - Rubau\",\"isPartOf\":{\"@id\":\"https:\/\/www.rubau.com\/#website\"},\"primaryImageOfPage\":{\"@id\":\"https:\/\/www.rubau.com\/ca\/rubau-posa-en-marxa-la-remodelacio-de-la-iconica-rambla-de-barcelona__trashed\/#primaryimage\"},\"image\":{\"@id\":\"https:\/\/www.rubau.com\/ca\/rubau-posa-en-marxa-la-remodelacio-de-la-iconica-rambla-de-barcelona__trashed\/#primaryimage\"},\"thumbnailUrl\":\"https:\/\/www.rubau.com\/wp-content\/uploads\/2022\/10\/Remodelacion-Ramblas.1..jpg\",\"datePublished\":\"2022-10-11T13:09:34+00:00\",\"dateModified\":\"2025-07-24T14:25:11+00:00\",\"breadcrumb\":{\"@id\":\"https:\/\/www.rubau.com\/ca\/rubau-posa-en-marxa-la-remodelacio-de-la-iconica-rambla-de-barcelona__trashed\/#breadcrumb\"},\"inLanguage\":\"ca\",\"potentialAction\":[{\"@type\":\"ReadAction\",\"target\":[\"https:\/\/www.rubau.com\/ca\/rubau-posa-en-marxa-la-remodelacio-de-la-iconica-rambla-de-barcelona__trashed\/\"]}]},{\"@type\":\"ImageObject\",\"inLanguage\":\"ca\",\"@id\":\"https:\/\/www.rubau.com\/ca\/rubau-posa-en-marxa-la-remodelacio-de-la-iconica-rambla-de-barcelona__trashed\/#primaryimage\",\"url\":\"https:\/\/www.rubau.com\/wp-content\/uploads\/2022\/10\/Remodelacion-Ramblas.1..jpg\",\"contentUrl\":\"https:\/\/www.rubau.com\/wp-content\/uploads\/2022\/10\/Remodelacion-Ramblas.1..jpg\",\"width\":380,\"height\":214},{\"@type\":\"BreadcrumbList\",\"@id\":\"https:\/\/www.rubau.com\/ca\/rubau-posa-en-marxa-la-remodelacio-de-la-iconica-rambla-de-barcelona__trashed\/#breadcrumb\",\"itemListElement\":[{\"@type\":\"ListItem\",\"position\":1,\"name\":\"Portada\",\"item\":\"https:\/\/www.rubau.com\/\"},{\"@type\":\"ListItem\",\"position\":2,\"name\":\"RUBAU POSA EN MARXA LA REMODELACI\u00d3 DE LA IC\u00d2NICA RAMBLA DE BARCELONA\"}]},{\"@type\":\"WebSite\",\"@id\":\"https:\/\/www.rubau.com\/#website\",\"url\":\"https:\/\/www.rubau.com\/\",\"name\":\"Rubau\",\"description\":\"Construccions RUBAU\",\"publisher\":{\"@id\":\"https:\/\/www.rubau.com\/#organization\"},\"potentialAction\":[{\"@type\":\"SearchAction\",\"target\":{\"@type\":\"EntryPoint\",\"urlTemplate\":\"https:\/\/www.rubau.com\/?s={search_term_string}\"},\"query-input\":{\"@type\":\"PropertyValueSpecification\",\"valueRequired\":true,\"valueName\":\"search_term_string\"}}],\"inLanguage\":\"ca\"},{\"@type\":\"Organization\",\"@id\":\"https:\/\/www.rubau.com\/#organization\",\"name\":\"Rubau\",\"url\":\"https:\/\/www.rubau.com\/\",\"logo\":{\"@type\":\"ImageObject\",\"inLanguage\":\"ca\",\"@id\":\"https:\/\/www.rubau.com\/#\/schema\/logo\/image\/\",\"url\":\"https:\/\/www.rubau.com\/wp-content\/uploads\/2024\/10\/Logo-CONSTRUCCIONS-RUBAU-ES1.png\",\"contentUrl\":\"https:\/\/www.rubau.com\/wp-content\/uploads\/2024\/10\/Logo-CONSTRUCCIONS-RUBAU-ES1.png\",\"width\":1010,\"height\":200,\"caption\":\"Rubau\"},\"image\":{\"@id\":\"https:\/\/www.rubau.com\/#\/schema\/logo\/image\/\"},\"sameAs\":[\"https:\/\/www.instagram.com\/construcciones_rubau\/\",\"https:\/\/www.linkedin.com\/company\/construcciones-rubau-s.a.\"]},{\"@type\":\"Person\",\"@id\":\"\",\"url\":\"https:\/\/www.rubau.com\/ca\/author\/\"}]}<\/script>\n<!-- \/ Yoast SEO plugin. -->","yoast_head_json":{"title":"RUBAU POSA EN MARXA LA REMODELACI\u00d3 DE LA IC\u00d2NICA RAMBLA DE BARCELONA - Rubau","robots":{"index":"index","follow":"follow","max-snippet":"max-snippet:-1","max-image-preview":"max-image-preview:large","max-video-preview":"max-video-preview:-1"},"canonical":"https:\/\/www.rubau.com\/ca\/rubau-posa-en-marxa-la-remodelacio-de-la-iconica-rambla-de-barcelona__trashed\/","og_locale":"ca_ES","og_type":"article","og_title":"RUBAU POSA EN MARXA LA REMODELACI\u00d3 DE LA IC\u00d2NICA RAMBLA DE BARCELONA - Rubau","og_description":"RUBAU, en UTE amb Romero Polo, ha iniciat aquest mes d&#8217;octubre les obres que transformaran l&#8217;emblem\u00e0tica Rambla de Barcelona. Es tracta del primer dels cinc trams previstos que abasta des del monument a Colom fins a Santa Madrona. La intervenci\u00f3, amb una durada prevista de 18 mesos, convertir\u00e0 la zona en un passeig amb m\u00e9s [&hellip;]","og_url":"https:\/\/www.rubau.com\/ca\/rubau-posa-en-marxa-la-remodelacio-de-la-iconica-rambla-de-barcelona__trashed\/","og_site_name":"Rubau","article_published_time":"2022-10-11T13:09:34+00:00","article_modified_time":"2025-07-24T14:25:11+00:00","og_image":[{"width":380,"height":214,"url":"https:\/\/www.rubau.com\/wp-content\/uploads\/2022\/10\/Remodelacion-Ramblas.1..jpg","type":"image\/jpeg"}],"twitter_card":"summary_large_image","twitter_misc":{"Escrit per":"","Temps estimat de lectura":"2 minuts"},"schema":{"@context":"https:\/\/schema.org","@graph":[{"@type":"Article","@id":"https:\/\/www.rubau.com\/ca\/rubau-posa-en-marxa-la-remodelacio-de-la-iconica-rambla-de-barcelona__trashed\/#article","isPartOf":{"@id":"https:\/\/www.rubau.com\/ca\/rubau-posa-en-marxa-la-remodelacio-de-la-iconica-rambla-de-barcelona__trashed\/"},"author":{"name":"","@id":""},"headline":"RUBAU POSA EN MARXA LA REMODELACI\u00d3 DE LA IC\u00d2NICA RAMBLA DE BARCELONA","datePublished":"2022-10-11T13:09:34+00:00","dateModified":"2025-07-24T14:25:11+00:00","mainEntityOfPage":{"@id":"https:\/\/www.rubau.com\/ca\/rubau-posa-en-marxa-la-remodelacio-de-la-iconica-rambla-de-barcelona__trashed\/"},"wordCount":348,"publisher":{"@id":"https:\/\/www.rubau.com\/#organization"},"image":{"@id":"https:\/\/www.rubau.com\/ca\/rubau-posa-en-marxa-la-remodelacio-de-la-iconica-rambla-de-barcelona__trashed\/#primaryimage"},"thumbnailUrl":"https:\/\/www.rubau.com\/wp-content\/uploads\/2022\/10\/Remodelacion-Ramblas.1..jpg","articleSection":["GRUPO RUBAU","Not\u00edcies"],"inLanguage":"ca"},{"@type":"WebPage","@id":"https:\/\/www.rubau.com\/ca\/rubau-posa-en-marxa-la-remodelacio-de-la-iconica-rambla-de-barcelona__trashed\/","url":"https:\/\/www.rubau.com\/ca\/rubau-posa-en-marxa-la-remodelacio-de-la-iconica-rambla-de-barcelona__trashed\/","name":"RUBAU POSA EN MARXA LA REMODELACI\u00d3 DE LA IC\u00d2NICA RAMBLA DE BARCELONA - Rubau","isPartOf":{"@id":"https:\/\/www.rubau.com\/#website"},"primaryImageOfPage":{"@id":"https:\/\/www.rubau.com\/ca\/rubau-posa-en-marxa-la-remodelacio-de-la-iconica-rambla-de-barcelona__trashed\/#primaryimage"},"image":{"@id":"https:\/\/www.rubau.com\/ca\/rubau-posa-en-marxa-la-remodelacio-de-la-iconica-rambla-de-barcelona__trashed\/#primaryimage"},"thumbnailUrl":"https:\/\/www.rubau.com\/wp-content\/uploads\/2022\/10\/Remodelacion-Ramblas.1..jpg","datePublished":"2022-10-11T13:09:34+00:00","dateModified":"2025-07-24T14:25:11+00:00","breadcrumb":{"@id":"https:\/\/www.rubau.com\/ca\/rubau-posa-en-marxa-la-remodelacio-de-la-iconica-rambla-de-barcelona__trashed\/#breadcrumb"},"inLanguage":"ca","potentialAction":[{"@type":"ReadAction","target":["https:\/\/www.rubau.com\/ca\/rubau-posa-en-marxa-la-remodelacio-de-la-iconica-rambla-de-barcelona__trashed\/"]}]},{"@type":"ImageObject","inLanguage":"ca","@id":"https:\/\/www.rubau.com\/ca\/rubau-posa-en-marxa-la-remodelacio-de-la-iconica-rambla-de-barcelona__trashed\/#primaryimage","url":"https:\/\/www.rubau.com\/wp-content\/uploads\/2022\/10\/Remodelacion-Ramblas.1..jpg","contentUrl":"https:\/\/www.rubau.com\/wp-content\/uploads\/2022\/10\/Remodelacion-Ramblas.1..jpg","width":380,"height":214},{"@type":"BreadcrumbList","@id":"https:\/\/www.rubau.com\/ca\/rubau-posa-en-marxa-la-remodelacio-de-la-iconica-rambla-de-barcelona__trashed\/#breadcrumb","itemListElement":[{"@type":"ListItem","position":1,"name":"Portada","item":"https:\/\/www.rubau.com\/"},{"@type":"ListItem","position":2,"name":"RUBAU POSA EN MARXA LA REMODELACI\u00d3 DE LA IC\u00d2NICA RAMBLA DE BARCELONA"}]},{"@type":"WebSite","@id":"https:\/\/www.rubau.com\/#website","url":"https:\/\/www.rubau.com\/","name":"Rubau","description":"Construccions RUBAU","publisher":{"@id":"https:\/\/www.rubau.com\/#organization"},"potentialAction":[{"@type":"SearchAction","target":{"@type":"EntryPoint","urlTemplate":"https:\/\/www.rubau.com\/?s={search_term_string}"},"query-input":{"@type":"PropertyValueSpecification","valueRequired":true,"valueName":"search_term_string"}}],"inLanguage":"ca"},{"@type":"Organization","@id":"https:\/\/www.rubau.com\/#organization","name":"Rubau","url":"https:\/\/www.rubau.com\/","logo":{"@type":"ImageObject","inLanguage":"ca","@id":"https:\/\/www.rubau.com\/#\/schema\/logo\/image\/","url":"https:\/\/www.rubau.com\/wp-content\/uploads\/2024\/10\/Logo-CONSTRUCCIONS-RUBAU-ES1.png","contentUrl":"https:\/\/www.rubau.com\/wp-content\/uploads\/2024\/10\/Logo-CONSTRUCCIONS-RUBAU-ES1.png","width":1010,"height":200,"caption":"Rubau"},"image":{"@id":"https:\/\/www.rubau.com\/#\/schema\/logo\/image\/"},"sameAs":["https:\/\/www.instagram.com\/construcciones_rubau\/","https:\/\/www.linkedin.com\/company\/construcciones-rubau-s.a."]},{"@type":"Person","@id":"","url":"https:\/\/www.rubau.com\/ca\/author\/"}]}},"_links":{"self":[{"href":"https:\/\/www.rubau.com\/ca\/wp-json\/wp\/v2\/posts\/3955","targetHints":{"allow":["GET"]}}],"collection":[{"href":"https:\/\/www.rubau.com\/ca\/wp-json\/wp\/v2\/posts"}],"about":[{"href":"https:\/\/www.rubau.com\/ca\/wp-json\/wp\/v2\/types\/post"}],"author":[{"embeddable":true,"href":"https:\/\/www.rubau.com\/ca\/wp-json\/wp\/v2\/users\/2"}],"replies":[{"embeddable":true,"href":"https:\/\/www.rubau.com\/ca\/wp-json\/wp\/v2\/comments?post=3955"}],"version-history":[{"count":0,"href":"https:\/\/www.rubau.com\/ca\/wp-json\/wp\/v2\/posts\/3955\/revisions"}],"wp:featuredmedia":[{"embeddable":true,"href":"https:\/\/www.rubau.com\/ca\/wp-json\/wp\/v2\/media\/3952"}],"wp:attachment":[{"href":"https:\/\/www.rubau.com\/ca\/wp-json\/wp\/v2\/media?parent=3955"}],"wp:term":[{"taxonomy":"category","embeddable":true,"href":"https:\/\/www.rubau.com\/ca\/wp-json\/wp\/v2\/categories?post=3955"},{"taxonomy":"post_tag","embeddable":true,"href":"https:\/\/www.rubau.com\/ca\/wp-json\/wp\/v2\/tags?post=3955"}],"curies":[{"name":"wp","href":"https:\/\/api.w.org\/{rel}","templated":true}]}}