{"id":4105,"date":"2023-03-16T12:03:57","date_gmt":"2023-03-16T11:03:57","guid":{"rendered":"https:\/\/www.rubau.com\/?p=4105"},"modified":"2025-07-24T16:25:24","modified_gmt":"2025-07-24T14:25:24","slug":"neix-el-ccic-cluster-de-construccio-industrialitzada-de-catalunya-amb-rubau-com-a-soci-fundador__trashed","status":"publish","type":"post","link":"https:\/\/www.rubau.com\/ca\/neix-el-ccic-cluster-de-construccio-industrialitzada-de-catalunya-amb-rubau-com-a-soci-fundador__trashed\/","title":{"rendered":"NEIX EL CCIC, CL\u00daSTER DE CONSTRUCCI\u00d3 INDUSTRIALITZADA DE CATALUNYA, AMB RUBAU COM A SOCI FUNDADOR"},"content":{"rendered":"<p><span style=\"font-weight: 400;\">Ahir, 15 de mar\u00e7 del 2023, es va presentar de manera oficial, durant la Jornada d&#8217;Industrialitzaci\u00f3 de la Construcci\u00f3 que va tenir lloc a Martorell, el Cl\u00faster de Construcci\u00f3 Industrialitzada de Catalunya (CCIC), del qual RUBAU forma part com a soci fundador.<\/span><\/p>\n<p><span style=\"font-weight: 400;\">EL CCIC neix de la necessitat d&#8217;ordenar tot un sector emergent que sorgeix de la intersecci\u00f3 de la construcci\u00f3 tradicional i tots els seus actors, amb la nova construcci\u00f3, on la ind\u00fastria juga un gran paper que es fa pal\u00e8s tant pel que fa als components per a la construcci\u00f3, vinculada a la construcci\u00f3 tradicional, com amb la ind\u00fastria que \u201cconstrueix\u201d o fabrica solucions constructives, paral\u00b7leles, complement\u00e0ries o divergents del que es construeix avui dia.<\/span><\/p>\n<p><span style=\"font-weight: 400;\">El CCIC ha volgut reunir tota la cadena de valor que aporta solucions per a all\u00f2 que ser\u00e0 la construcci\u00f3 del futur: principalment industrialitzada, sostenible, digitalitzada i amb una nova forma d&#8217;enfocar i entendre les necessitats de la societat.<\/span><\/p>\n<p><span style=\"font-weight: 400;\">Per a m\u00e9s informaci\u00f3 us convidem a visitar la web del CCIC: <\/span><a href=\"https:\/\/ccic.cat\/\" target=\"_blank\" rel=\"noopener\"><span style=\"font-weight: 400;\">https:\/\/ccic.cat\/<\/span><\/a><\/p>\n","protected":false},"excerpt":{"rendered":"<p>Ahir, 15 de mar\u00e7 del 2023, es va presentar de manera oficial, durant la Jornada d&#8217;Industrialitzaci\u00f3 de la Construcci\u00f3 que va tenir lloc a Martorell, el Cl\u00faster de Construcci\u00f3 Industrialitzada de Catalunya (CCIC), del qual RUBAU forma part com a soci fundador. EL CCIC neix de la necessitat d&#8217;ordenar tot un sector emergent que sorgeix [&hellip;]<\/p>\n","protected":false},"author":2,"featured_media":4100,"comment_status":"open","ping_status":"open","sticky":false,"template":"","format":"standard","meta":{"_acf_changed":false,"footnotes":""},"categories":[6],"tags":[],"class_list":["post-4105","post","type-post","status-publish","format-standard","has-post-thumbnail","hentry","category-noticies"],"acf":[],"yoast_head":"<!-- This site is optimized with the Yoast SEO plugin v26.5 - https:\/\/yoast.com\/wordpress\/plugins\/seo\/ -->\n<title>NEIX EL CCIC, CL\u00daSTER DE CONSTRUCCI\u00d3 INDUSTRIALITZADA DE CATALUNYA, AMB RUBAU COM A SOCI FUNDADOR - Rubau<\/title>\n<meta name=\"robots\" content=\"index, follow, max-snippet:-1, max-image-preview:large, max-video-preview:-1\" \/>\n<link rel=\"canonical\" href=\"https:\/\/www.rubau.com\/ca\/neix-el-ccic-cluster-de-construccio-industrialitzada-de-catalunya-amb-rubau-com-a-soci-fundador__trashed\/\" \/>\n<meta property=\"og:locale\" content=\"ca_ES\" \/>\n<meta property=\"og:type\" content=\"article\" \/>\n<meta property=\"og:title\" content=\"NEIX EL CCIC, CL\u00daSTER DE CONSTRUCCI\u00d3 INDUSTRIALITZADA DE CATALUNYA, AMB RUBAU COM A SOCI FUNDADOR - Rubau\" \/>\n<meta property=\"og:description\" content=\"Ahir, 15 de mar\u00e7 del 2023, es va presentar de manera oficial, durant la Jornada d&#8217;Industrialitzaci\u00f3 de la Construcci\u00f3 que va tenir lloc a Martorell, el Cl\u00faster de Construcci\u00f3 Industrialitzada de Catalunya (CCIC), del qual RUBAU forma part com a soci fundador. EL CCIC neix de la necessitat d&#8217;ordenar tot un sector emergent que sorgeix [&hellip;]\" \/>\n<meta property=\"og:url\" content=\"https:\/\/www.rubau.com\/ca\/neix-el-ccic-cluster-de-construccio-industrialitzada-de-catalunya-amb-rubau-com-a-soci-fundador__trashed\/\" \/>\n<meta property=\"og:site_name\" content=\"Rubau\" \/>\n<meta property=\"article:published_time\" content=\"2023-03-16T11:03:57+00:00\" \/>\n<meta property=\"article:modified_time\" content=\"2025-07-24T14:25:24+00:00\" \/>\n<meta property=\"og:image\" content=\"https:\/\/www.rubau.com\/wp-content\/uploads\/2023\/03\/ccic-1024x853.png\" \/>\n\t<meta property=\"og:image:width\" content=\"1024\" \/>\n\t<meta property=\"og:image:height\" content=\"853\" \/>\n\t<meta property=\"og:image:type\" content=\"image\/png\" \/>\n<meta name=\"twitter:card\" content=\"summary_large_image\" \/>\n<meta name=\"twitter:label1\" content=\"Escrit per\" \/>\n\t<meta name=\"twitter:data1\" content=\"\" \/>\n\t<meta name=\"twitter:label2\" content=\"Temps estimat de lectura\" \/>\n\t<meta name=\"twitter:data2\" content=\"1 minut\" \/>\n<script type=\"application\/ld+json\" class=\"yoast-schema-graph\">{\"@context\":\"https:\/\/schema.org\",\"@graph\":[{\"@type\":\"Article\",\"@id\":\"https:\/\/www.rubau.com\/ca\/neix-el-ccic-cluster-de-construccio-industrialitzada-de-catalunya-amb-rubau-com-a-soci-fundador__trashed\/#article\",\"isPartOf\":{\"@id\":\"https:\/\/www.rubau.com\/ca\/neix-el-ccic-cluster-de-construccio-industrialitzada-de-catalunya-amb-rubau-com-a-soci-fundador__trashed\/\"},\"author\":{\"name\":\"\",\"@id\":\"\"},\"headline\":\"NEIX EL CCIC, CL\u00daSTER DE CONSTRUCCI\u00d3 INDUSTRIALITZADA DE CATALUNYA, AMB RUBAU COM A SOCI FUNDADOR\",\"datePublished\":\"2023-03-16T11:03:57+00:00\",\"dateModified\":\"2025-07-24T14:25:24+00:00\",\"mainEntityOfPage\":{\"@id\":\"https:\/\/www.rubau.com\/ca\/neix-el-ccic-cluster-de-construccio-industrialitzada-de-catalunya-amb-rubau-com-a-soci-fundador__trashed\/\"},\"wordCount\":195,\"commentCount\":0,\"publisher\":{\"@id\":\"https:\/\/www.rubau.com\/#organization\"},\"image\":{\"@id\":\"https:\/\/www.rubau.com\/ca\/neix-el-ccic-cluster-de-construccio-industrialitzada-de-catalunya-amb-rubau-com-a-soci-fundador__trashed\/#primaryimage\"},\"thumbnailUrl\":\"https:\/\/www.rubau.com\/wp-content\/uploads\/2023\/03\/ccic.png\",\"articleSection\":[\"Not\u00edcies\"],\"inLanguage\":\"ca\",\"potentialAction\":[{\"@type\":\"CommentAction\",\"name\":\"Comment\",\"target\":[\"https:\/\/www.rubau.com\/ca\/neix-el-ccic-cluster-de-construccio-industrialitzada-de-catalunya-amb-rubau-com-a-soci-fundador__trashed\/#respond\"]}]},{\"@type\":\"WebPage\",\"@id\":\"https:\/\/www.rubau.com\/ca\/neix-el-ccic-cluster-de-construccio-industrialitzada-de-catalunya-amb-rubau-com-a-soci-fundador__trashed\/\",\"url\":\"https:\/\/www.rubau.com\/ca\/neix-el-ccic-cluster-de-construccio-industrialitzada-de-catalunya-amb-rubau-com-a-soci-fundador__trashed\/\",\"name\":\"NEIX EL CCIC, CL\u00daSTER DE CONSTRUCCI\u00d3 INDUSTRIALITZADA DE CATALUNYA, AMB RUBAU COM A SOCI FUNDADOR - Rubau\",\"isPartOf\":{\"@id\":\"https:\/\/www.rubau.com\/#website\"},\"primaryImageOfPage\":{\"@id\":\"https:\/\/www.rubau.com\/ca\/neix-el-ccic-cluster-de-construccio-industrialitzada-de-catalunya-amb-rubau-com-a-soci-fundador__trashed\/#primaryimage\"},\"image\":{\"@id\":\"https:\/\/www.rubau.com\/ca\/neix-el-ccic-cluster-de-construccio-industrialitzada-de-catalunya-amb-rubau-com-a-soci-fundador__trashed\/#primaryimage\"},\"thumbnailUrl\":\"https:\/\/www.rubau.com\/wp-content\/uploads\/2023\/03\/ccic.png\",\"datePublished\":\"2023-03-16T11:03:57+00:00\",\"dateModified\":\"2025-07-24T14:25:24+00:00\",\"breadcrumb\":{\"@id\":\"https:\/\/www.rubau.com\/ca\/neix-el-ccic-cluster-de-construccio-industrialitzada-de-catalunya-amb-rubau-com-a-soci-fundador__trashed\/#breadcrumb\"},\"inLanguage\":\"ca\",\"potentialAction\":[{\"@type\":\"ReadAction\",\"target\":[\"https:\/\/www.rubau.com\/ca\/neix-el-ccic-cluster-de-construccio-industrialitzada-de-catalunya-amb-rubau-com-a-soci-fundador__trashed\/\"]}]},{\"@type\":\"ImageObject\",\"inLanguage\":\"ca\",\"@id\":\"https:\/\/www.rubau.com\/ca\/neix-el-ccic-cluster-de-construccio-industrialitzada-de-catalunya-amb-rubau-com-a-soci-fundador__trashed\/#primaryimage\",\"url\":\"https:\/\/www.rubau.com\/wp-content\/uploads\/2023\/03\/ccic.png\",\"contentUrl\":\"https:\/\/www.rubau.com\/wp-content\/uploads\/2023\/03\/ccic.png\",\"width\":1437,\"height\":1197},{\"@type\":\"BreadcrumbList\",\"@id\":\"https:\/\/www.rubau.com\/ca\/neix-el-ccic-cluster-de-construccio-industrialitzada-de-catalunya-amb-rubau-com-a-soci-fundador__trashed\/#breadcrumb\",\"itemListElement\":[{\"@type\":\"ListItem\",\"position\":1,\"name\":\"Portada\",\"item\":\"https:\/\/www.rubau.com\/\"},{\"@type\":\"ListItem\",\"position\":2,\"name\":\"NEIX EL CCIC, CL\u00daSTER DE CONSTRUCCI\u00d3 INDUSTRIALITZADA DE CATALUNYA, AMB RUBAU COM A SOCI FUNDADOR\"}]},{\"@type\":\"WebSite\",\"@id\":\"https:\/\/www.rubau.com\/#website\",\"url\":\"https:\/\/www.rubau.com\/\",\"name\":\"Rubau\",\"description\":\"Construccions RUBAU\",\"publisher\":{\"@id\":\"https:\/\/www.rubau.com\/#organization\"},\"potentialAction\":[{\"@type\":\"SearchAction\",\"target\":{\"@type\":\"EntryPoint\",\"urlTemplate\":\"https:\/\/www.rubau.com\/?s={search_term_string}\"},\"query-input\":{\"@type\":\"PropertyValueSpecification\",\"valueRequired\":true,\"valueName\":\"search_term_string\"}}],\"inLanguage\":\"ca\"},{\"@type\":\"Organization\",\"@id\":\"https:\/\/www.rubau.com\/#organization\",\"name\":\"Rubau\",\"url\":\"https:\/\/www.rubau.com\/\",\"logo\":{\"@type\":\"ImageObject\",\"inLanguage\":\"ca\",\"@id\":\"https:\/\/www.rubau.com\/#\/schema\/logo\/image\/\",\"url\":\"https:\/\/www.rubau.com\/wp-content\/uploads\/2024\/10\/Logo-CONSTRUCCIONS-RUBAU-ES1.png\",\"contentUrl\":\"https:\/\/www.rubau.com\/wp-content\/uploads\/2024\/10\/Logo-CONSTRUCCIONS-RUBAU-ES1.png\",\"width\":1010,\"height\":200,\"caption\":\"Rubau\"},\"image\":{\"@id\":\"https:\/\/www.rubau.com\/#\/schema\/logo\/image\/\"},\"sameAs\":[\"https:\/\/www.instagram.com\/construcciones_rubau\/\",\"https:\/\/www.linkedin.com\/company\/construcciones-rubau-s.a.\"]},{\"@type\":\"Person\",\"@id\":\"\",\"url\":\"https:\/\/www.rubau.com\/ca\/author\/\"}]}<\/script>\n<!-- \/ Yoast SEO plugin. -->","yoast_head_json":{"title":"NEIX EL CCIC, CL\u00daSTER DE CONSTRUCCI\u00d3 INDUSTRIALITZADA DE CATALUNYA, AMB RUBAU COM A SOCI FUNDADOR - Rubau","robots":{"index":"index","follow":"follow","max-snippet":"max-snippet:-1","max-image-preview":"max-image-preview:large","max-video-preview":"max-video-preview:-1"},"canonical":"https:\/\/www.rubau.com\/ca\/neix-el-ccic-cluster-de-construccio-industrialitzada-de-catalunya-amb-rubau-com-a-soci-fundador__trashed\/","og_locale":"ca_ES","og_type":"article","og_title":"NEIX EL CCIC, CL\u00daSTER DE CONSTRUCCI\u00d3 INDUSTRIALITZADA DE CATALUNYA, AMB RUBAU COM A SOCI FUNDADOR - Rubau","og_description":"Ahir, 15 de mar\u00e7 del 2023, es va presentar de manera oficial, durant la Jornada d&#8217;Industrialitzaci\u00f3 de la Construcci\u00f3 que va tenir lloc a Martorell, el Cl\u00faster de Construcci\u00f3 Industrialitzada de Catalunya (CCIC), del qual RUBAU forma part com a soci fundador. EL CCIC neix de la necessitat d&#8217;ordenar tot un sector emergent que sorgeix [&hellip;]","og_url":"https:\/\/www.rubau.com\/ca\/neix-el-ccic-cluster-de-construccio-industrialitzada-de-catalunya-amb-rubau-com-a-soci-fundador__trashed\/","og_site_name":"Rubau","article_published_time":"2023-03-16T11:03:57+00:00","article_modified_time":"2025-07-24T14:25:24+00:00","og_image":[{"width":1024,"height":853,"url":"https:\/\/www.rubau.com\/wp-content\/uploads\/2023\/03\/ccic-1024x853.png","type":"image\/png"}],"twitter_card":"summary_large_image","twitter_misc":{"Escrit per":"","Temps estimat de lectura":"1 minut"},"schema":{"@context":"https:\/\/schema.org","@graph":[{"@type":"Article","@id":"https:\/\/www.rubau.com\/ca\/neix-el-ccic-cluster-de-construccio-industrialitzada-de-catalunya-amb-rubau-com-a-soci-fundador__trashed\/#article","isPartOf":{"@id":"https:\/\/www.rubau.com\/ca\/neix-el-ccic-cluster-de-construccio-industrialitzada-de-catalunya-amb-rubau-com-a-soci-fundador__trashed\/"},"author":{"name":"","@id":""},"headline":"NEIX EL CCIC, CL\u00daSTER DE CONSTRUCCI\u00d3 INDUSTRIALITZADA DE CATALUNYA, AMB RUBAU COM A SOCI FUNDADOR","datePublished":"2023-03-16T11:03:57+00:00","dateModified":"2025-07-24T14:25:24+00:00","mainEntityOfPage":{"@id":"https:\/\/www.rubau.com\/ca\/neix-el-ccic-cluster-de-construccio-industrialitzada-de-catalunya-amb-rubau-com-a-soci-fundador__trashed\/"},"wordCount":195,"commentCount":0,"publisher":{"@id":"https:\/\/www.rubau.com\/#organization"},"image":{"@id":"https:\/\/www.rubau.com\/ca\/neix-el-ccic-cluster-de-construccio-industrialitzada-de-catalunya-amb-rubau-com-a-soci-fundador__trashed\/#primaryimage"},"thumbnailUrl":"https:\/\/www.rubau.com\/wp-content\/uploads\/2023\/03\/ccic.png","articleSection":["Not\u00edcies"],"inLanguage":"ca","potentialAction":[{"@type":"CommentAction","name":"Comment","target":["https:\/\/www.rubau.com\/ca\/neix-el-ccic-cluster-de-construccio-industrialitzada-de-catalunya-amb-rubau-com-a-soci-fundador__trashed\/#respond"]}]},{"@type":"WebPage","@id":"https:\/\/www.rubau.com\/ca\/neix-el-ccic-cluster-de-construccio-industrialitzada-de-catalunya-amb-rubau-com-a-soci-fundador__trashed\/","url":"https:\/\/www.rubau.com\/ca\/neix-el-ccic-cluster-de-construccio-industrialitzada-de-catalunya-amb-rubau-com-a-soci-fundador__trashed\/","name":"NEIX EL CCIC, CL\u00daSTER DE CONSTRUCCI\u00d3 INDUSTRIALITZADA DE CATALUNYA, AMB RUBAU COM A SOCI FUNDADOR - Rubau","isPartOf":{"@id":"https:\/\/www.rubau.com\/#website"},"primaryImageOfPage":{"@id":"https:\/\/www.rubau.com\/ca\/neix-el-ccic-cluster-de-construccio-industrialitzada-de-catalunya-amb-rubau-com-a-soci-fundador__trashed\/#primaryimage"},"image":{"@id":"https:\/\/www.rubau.com\/ca\/neix-el-ccic-cluster-de-construccio-industrialitzada-de-catalunya-amb-rubau-com-a-soci-fundador__trashed\/#primaryimage"},"thumbnailUrl":"https:\/\/www.rubau.com\/wp-content\/uploads\/2023\/03\/ccic.png","datePublished":"2023-03-16T11:03:57+00:00","dateModified":"2025-07-24T14:25:24+00:00","breadcrumb":{"@id":"https:\/\/www.rubau.com\/ca\/neix-el-ccic-cluster-de-construccio-industrialitzada-de-catalunya-amb-rubau-com-a-soci-fundador__trashed\/#breadcrumb"},"inLanguage":"ca","potentialAction":[{"@type":"ReadAction","target":["https:\/\/www.rubau.com\/ca\/neix-el-ccic-cluster-de-construccio-industrialitzada-de-catalunya-amb-rubau-com-a-soci-fundador__trashed\/"]}]},{"@type":"ImageObject","inLanguage":"ca","@id":"https:\/\/www.rubau.com\/ca\/neix-el-ccic-cluster-de-construccio-industrialitzada-de-catalunya-amb-rubau-com-a-soci-fundador__trashed\/#primaryimage","url":"https:\/\/www.rubau.com\/wp-content\/uploads\/2023\/03\/ccic.png","contentUrl":"https:\/\/www.rubau.com\/wp-content\/uploads\/2023\/03\/ccic.png","width":1437,"height":1197},{"@type":"BreadcrumbList","@id":"https:\/\/www.rubau.com\/ca\/neix-el-ccic-cluster-de-construccio-industrialitzada-de-catalunya-amb-rubau-com-a-soci-fundador__trashed\/#breadcrumb","itemListElement":[{"@type":"ListItem","position":1,"name":"Portada","item":"https:\/\/www.rubau.com\/"},{"@type":"ListItem","position":2,"name":"NEIX EL CCIC, CL\u00daSTER DE CONSTRUCCI\u00d3 INDUSTRIALITZADA DE CATALUNYA, AMB RUBAU COM A SOCI FUNDADOR"}]},{"@type":"WebSite","@id":"https:\/\/www.rubau.com\/#website","url":"https:\/\/www.rubau.com\/","name":"Rubau","description":"Construccions RUBAU","publisher":{"@id":"https:\/\/www.rubau.com\/#organization"},"potentialAction":[{"@type":"SearchAction","target":{"@type":"EntryPoint","urlTemplate":"https:\/\/www.rubau.com\/?s={search_term_string}"},"query-input":{"@type":"PropertyValueSpecification","valueRequired":true,"valueName":"search_term_string"}}],"inLanguage":"ca"},{"@type":"Organization","@id":"https:\/\/www.rubau.com\/#organization","name":"Rubau","url":"https:\/\/www.rubau.com\/","logo":{"@type":"ImageObject","inLanguage":"ca","@id":"https:\/\/www.rubau.com\/#\/schema\/logo\/image\/","url":"https:\/\/www.rubau.com\/wp-content\/uploads\/2024\/10\/Logo-CONSTRUCCIONS-RUBAU-ES1.png","contentUrl":"https:\/\/www.rubau.com\/wp-content\/uploads\/2024\/10\/Logo-CONSTRUCCIONS-RUBAU-ES1.png","width":1010,"height":200,"caption":"Rubau"},"image":{"@id":"https:\/\/www.rubau.com\/#\/schema\/logo\/image\/"},"sameAs":["https:\/\/www.instagram.com\/construcciones_rubau\/","https:\/\/www.linkedin.com\/company\/construcciones-rubau-s.a."]},{"@type":"Person","@id":"","url":"https:\/\/www.rubau.com\/ca\/author\/"}]}},"_links":{"self":[{"href":"https:\/\/www.rubau.com\/ca\/wp-json\/wp\/v2\/posts\/4105","targetHints":{"allow":["GET"]}}],"collection":[{"href":"https:\/\/www.rubau.com\/ca\/wp-json\/wp\/v2\/posts"}],"about":[{"href":"https:\/\/www.rubau.com\/ca\/wp-json\/wp\/v2\/types\/post"}],"author":[{"embeddable":true,"href":"https:\/\/www.rubau.com\/ca\/wp-json\/wp\/v2\/users\/2"}],"replies":[{"embeddable":true,"href":"https:\/\/www.rubau.com\/ca\/wp-json\/wp\/v2\/comments?post=4105"}],"version-history":[{"count":0,"href":"https:\/\/www.rubau.com\/ca\/wp-json\/wp\/v2\/posts\/4105\/revisions"}],"wp:featuredmedia":[{"embeddable":true,"href":"https:\/\/www.rubau.com\/ca\/wp-json\/wp\/v2\/media\/4100"}],"wp:attachment":[{"href":"https:\/\/www.rubau.com\/ca\/wp-json\/wp\/v2\/media?parent=4105"}],"wp:term":[{"taxonomy":"category","embeddable":true,"href":"https:\/\/www.rubau.com\/ca\/wp-json\/wp\/v2\/categories?post=4105"},{"taxonomy":"post_tag","embeddable":true,"href":"https:\/\/www.rubau.com\/ca\/wp-json\/wp\/v2\/tags?post=4105"}],"curies":[{"name":"wp","href":"https:\/\/api.w.org\/{rel}","templated":true}]}}