{"id":4284,"date":"2023-10-24T15:29:05","date_gmt":"2023-10-24T13:29:05","guid":{"rendered":"https:\/\/www.rubau.com\/?p=4284"},"modified":"2025-07-24T16:25:42","modified_gmt":"2025-07-24T14:25:42","slug":"rubau-participa-al-ii-forum-de-poligons-dactivitat-economica-de-catalunya__trashed","status":"publish","type":"post","link":"https:\/\/www.rubau.com\/ca\/rubau-participa-al-ii-forum-de-poligons-dactivitat-economica-de-catalunya__trashed\/","title":{"rendered":"RUBAU PARTICIPA AL II F\u00d2RUM DE POL\u00cdGONS D\u2019ACTIVITAT ECON\u00d2MICA DE CATALUNYA"},"content":{"rendered":"<h2><b>El Director Corporatiu, Joaquim Bordoy, va intervenir a la taula de debat sobre \u201cCom superar les barreres\u00a0 normatives i administratives a l\u2019urbanisme\u201d<\/b><\/h2>\n<p><span style=\"font-weight: 400;\">El director corporatiu de Rubau, Joaquim Bordoy, va representar al Grup RUBAU dins del programa del II F\u00f2rum de Pol\u00edgons d\u2019Activitat Econ\u00f2mica de Catalunya (PAE), que convoca la Uni\u00f3 de Pol\u00edgons Industrials de Catalunya (UPIC). L\u2019acte va tenir lloc el 14 de setembre a la seu hist\u00f2rica de la Cambra de Barcelona, la Casa Llotja de Mar, amb la benvinguda de la presidenta de la Cambra, M\u00f2nica Roca, del president de la UPIC, Xavier\u00a0 Sunyer, i del secretari general de territori, Joan Jaume.<\/span><\/p>\n<p><span style=\"font-weight: 400;\">Bordoy va aportar l\u2019experi\u00e8ncia i coneixement d\u2019un dels grups de construcci\u00f3 i serveis amb m\u00e9s traject\u00f2ria desenvolupant projectes d&#8217;infraestructures, edificacions, obres i serveis que promouen les administracions p\u00fabliques. El directiu de Rubau va intervenir a la\u00a0 taula de debat \u201cCom superar les barreres normatives i administratives a l\u2019urbanisme\u201d. A la mateixa taula va participar tamb\u00e9 Agust\u00ed Serra, director general d\u2019Ordenaci\u00f3 del territori, Urbanisme i Arquitectura de la Generalitat de Catalunya. La moderadora va ser Maria Buhigas, Arquitecta en Cap de l\u2019Ajuntament de Barcelona.<\/span><\/p>\n<p><span style=\"font-weight: 400;\">Els pol\u00edgons industrials s\u00f3n agents primordials per el creixement econ\u00f2mic dels territoris. Al seu voltant es genera activitat econ\u00f2mica que fomenta l\u2019ocupaci\u00f3 i el creixement, per la seva capacitat d\u2019atracci\u00f3 d\u2019ind\u00fastries i empreses. El director de l\u2019Ag\u00e8ncia Catalana de l\u2019Aigua, Samuel Reyes, va ser un dels participants a la taula rodona \u201cCap a uns PAE ecosostenibles\u201d i el director general d\u2019Ind\u00fastria de la Generalitat, Oriol Alcoba, va participa a la taula rodona \u201cLa col\u00b7laboraci\u00f3 empresarial, clau de competitivitat per a l\u2019empresa i el territori\u201d.<\/span><\/p>\n<p><span style=\"font-weight: 400;\">Finalment, va concloure l\u2019acte Eva Menor, Alcaldessa de Badia del Vall\u00e8s i Presidenta delegada de l\u2019\u00c0rea de Desenvolupament Econ\u00f2mic i Turisme de la Diputaci\u00f3 de Barcelona.<\/span><\/p>\n<p><span style=\"font-weight: 400;\">Grupo Rubau \u00e9s una empresa constructora i de serveis que desenvolupa els seus projectes amb la finalitat de promoure l&#8217;economia circular. Amb 60 anys d\u2019hist\u00f2ria de qualitat i rigor, Rubau ha creat espais \u00fanics i singulars que han aportat progr\u00e9s i benestar a la societat.<\/span><\/p>\n","protected":false},"excerpt":{"rendered":"<p>El Director Corporatiu, Joaquim Bordoy, va intervenir a la taula de debat sobre \u201cCom superar les barreres\u00a0 normatives i administratives a l\u2019urbanisme\u201d El director corporatiu de Rubau, Joaquim Bordoy, va representar al Grup RUBAU dins del programa del II F\u00f2rum de Pol\u00edgons d\u2019Activitat Econ\u00f2mica de Catalunya (PAE), que convoca la Uni\u00f3 de Pol\u00edgons Industrials de [&hellip;]<\/p>\n","protected":false},"author":2,"featured_media":4279,"comment_status":"closed","ping_status":"open","sticky":false,"template":"","format":"standard","meta":{"_acf_changed":false,"footnotes":""},"categories":[120,6],"tags":[],"class_list":["post-4284","post","type-post","status-publish","format-standard","has-post-thumbnail","hentry","category-grupo-rubau-ca","category-noticies"],"acf":[],"yoast_head":"<!-- This site is optimized with the Yoast SEO plugin v26.5 - https:\/\/yoast.com\/wordpress\/plugins\/seo\/ -->\n<title>RUBAU PARTICIPA AL II F\u00d2RUM DE POL\u00cdGONS D\u2019ACTIVITAT ECON\u00d2MICA DE CATALUNYA - Rubau<\/title>\n<meta name=\"robots\" content=\"index, follow, max-snippet:-1, max-image-preview:large, max-video-preview:-1\" \/>\n<link rel=\"canonical\" href=\"https:\/\/www.rubau.com\/ca\/rubau-participa-al-ii-forum-de-poligons-dactivitat-economica-de-catalunya__trashed\/\" \/>\n<meta property=\"og:locale\" content=\"ca_ES\" \/>\n<meta property=\"og:type\" content=\"article\" \/>\n<meta property=\"og:title\" content=\"RUBAU PARTICIPA AL II F\u00d2RUM DE POL\u00cdGONS D\u2019ACTIVITAT ECON\u00d2MICA DE CATALUNYA - Rubau\" \/>\n<meta property=\"og:description\" content=\"El Director Corporatiu, Joaquim Bordoy, va intervenir a la taula de debat sobre \u201cCom superar les barreres\u00a0 normatives i administratives a l\u2019urbanisme\u201d El director corporatiu de Rubau, Joaquim Bordoy, va representar al Grup RUBAU dins del programa del II F\u00f2rum de Pol\u00edgons d\u2019Activitat Econ\u00f2mica de Catalunya (PAE), que convoca la Uni\u00f3 de Pol\u00edgons Industrials de [&hellip;]\" \/>\n<meta property=\"og:url\" content=\"https:\/\/www.rubau.com\/ca\/rubau-participa-al-ii-forum-de-poligons-dactivitat-economica-de-catalunya__trashed\/\" \/>\n<meta property=\"og:site_name\" content=\"Rubau\" \/>\n<meta property=\"article:published_time\" content=\"2023-10-24T13:29:05+00:00\" \/>\n<meta property=\"article:modified_time\" content=\"2025-07-24T14:25:42+00:00\" \/>\n<meta property=\"og:image\" content=\"https:\/\/www.rubau.com\/wp-content\/uploads\/2023\/10\/WhatsApp-Image-2023-09-18-at-10.15.59.jpeg\" \/>\n\t<meta property=\"og:image:width\" content=\"814\" \/>\n\t<meta property=\"og:image:height\" content=\"682\" \/>\n\t<meta property=\"og:image:type\" content=\"image\/jpeg\" \/>\n<meta name=\"twitter:card\" content=\"summary_large_image\" \/>\n<meta name=\"twitter:label1\" content=\"Escrit per\" \/>\n\t<meta name=\"twitter:data1\" content=\"\" \/>\n\t<meta name=\"twitter:label2\" content=\"Temps estimat de lectura\" \/>\n\t<meta name=\"twitter:data2\" content=\"2 minuts\" \/>\n<script type=\"application\/ld+json\" class=\"yoast-schema-graph\">{\"@context\":\"https:\/\/schema.org\",\"@graph\":[{\"@type\":\"Article\",\"@id\":\"https:\/\/www.rubau.com\/ca\/rubau-participa-al-ii-forum-de-poligons-dactivitat-economica-de-catalunya__trashed\/#article\",\"isPartOf\":{\"@id\":\"https:\/\/www.rubau.com\/ca\/rubau-participa-al-ii-forum-de-poligons-dactivitat-economica-de-catalunya__trashed\/\"},\"author\":{\"name\":\"\",\"@id\":\"\"},\"headline\":\"RUBAU PARTICIPA AL II F\u00d2RUM DE POL\u00cdGONS D\u2019ACTIVITAT ECON\u00d2MICA DE CATALUNYA\",\"datePublished\":\"2023-10-24T13:29:05+00:00\",\"dateModified\":\"2025-07-24T14:25:42+00:00\",\"mainEntityOfPage\":{\"@id\":\"https:\/\/www.rubau.com\/ca\/rubau-participa-al-ii-forum-de-poligons-dactivitat-economica-de-catalunya__trashed\/\"},\"wordCount\":398,\"publisher\":{\"@id\":\"https:\/\/www.rubau.com\/#organization\"},\"image\":{\"@id\":\"https:\/\/www.rubau.com\/ca\/rubau-participa-al-ii-forum-de-poligons-dactivitat-economica-de-catalunya__trashed\/#primaryimage\"},\"thumbnailUrl\":\"https:\/\/www.rubau.com\/wp-content\/uploads\/2023\/10\/WhatsApp-Image-2023-09-18-at-10.15.59.jpeg\",\"articleSection\":[\"GRUPO RUBAU\",\"Not\u00edcies\"],\"inLanguage\":\"ca\"},{\"@type\":\"WebPage\",\"@id\":\"https:\/\/www.rubau.com\/ca\/rubau-participa-al-ii-forum-de-poligons-dactivitat-economica-de-catalunya__trashed\/\",\"url\":\"https:\/\/www.rubau.com\/ca\/rubau-participa-al-ii-forum-de-poligons-dactivitat-economica-de-catalunya__trashed\/\",\"name\":\"RUBAU PARTICIPA AL II F\u00d2RUM DE POL\u00cdGONS D\u2019ACTIVITAT ECON\u00d2MICA DE CATALUNYA - Rubau\",\"isPartOf\":{\"@id\":\"https:\/\/www.rubau.com\/#website\"},\"primaryImageOfPage\":{\"@id\":\"https:\/\/www.rubau.com\/ca\/rubau-participa-al-ii-forum-de-poligons-dactivitat-economica-de-catalunya__trashed\/#primaryimage\"},\"image\":{\"@id\":\"https:\/\/www.rubau.com\/ca\/rubau-participa-al-ii-forum-de-poligons-dactivitat-economica-de-catalunya__trashed\/#primaryimage\"},\"thumbnailUrl\":\"https:\/\/www.rubau.com\/wp-content\/uploads\/2023\/10\/WhatsApp-Image-2023-09-18-at-10.15.59.jpeg\",\"datePublished\":\"2023-10-24T13:29:05+00:00\",\"dateModified\":\"2025-07-24T14:25:42+00:00\",\"breadcrumb\":{\"@id\":\"https:\/\/www.rubau.com\/ca\/rubau-participa-al-ii-forum-de-poligons-dactivitat-economica-de-catalunya__trashed\/#breadcrumb\"},\"inLanguage\":\"ca\",\"potentialAction\":[{\"@type\":\"ReadAction\",\"target\":[\"https:\/\/www.rubau.com\/ca\/rubau-participa-al-ii-forum-de-poligons-dactivitat-economica-de-catalunya__trashed\/\"]}]},{\"@type\":\"ImageObject\",\"inLanguage\":\"ca\",\"@id\":\"https:\/\/www.rubau.com\/ca\/rubau-participa-al-ii-forum-de-poligons-dactivitat-economica-de-catalunya__trashed\/#primaryimage\",\"url\":\"https:\/\/www.rubau.com\/wp-content\/uploads\/2023\/10\/WhatsApp-Image-2023-09-18-at-10.15.59.jpeg\",\"contentUrl\":\"https:\/\/www.rubau.com\/wp-content\/uploads\/2023\/10\/WhatsApp-Image-2023-09-18-at-10.15.59.jpeg\",\"width\":814,\"height\":682},{\"@type\":\"BreadcrumbList\",\"@id\":\"https:\/\/www.rubau.com\/ca\/rubau-participa-al-ii-forum-de-poligons-dactivitat-economica-de-catalunya__trashed\/#breadcrumb\",\"itemListElement\":[{\"@type\":\"ListItem\",\"position\":1,\"name\":\"Portada\",\"item\":\"https:\/\/www.rubau.com\/\"},{\"@type\":\"ListItem\",\"position\":2,\"name\":\"RUBAU PARTICIPA AL II F\u00d2RUM DE POL\u00cdGONS D\u2019ACTIVITAT ECON\u00d2MICA DE CATALUNYA\"}]},{\"@type\":\"WebSite\",\"@id\":\"https:\/\/www.rubau.com\/#website\",\"url\":\"https:\/\/www.rubau.com\/\",\"name\":\"Rubau\",\"description\":\"Construccions RUBAU\",\"publisher\":{\"@id\":\"https:\/\/www.rubau.com\/#organization\"},\"potentialAction\":[{\"@type\":\"SearchAction\",\"target\":{\"@type\":\"EntryPoint\",\"urlTemplate\":\"https:\/\/www.rubau.com\/?s={search_term_string}\"},\"query-input\":{\"@type\":\"PropertyValueSpecification\",\"valueRequired\":true,\"valueName\":\"search_term_string\"}}],\"inLanguage\":\"ca\"},{\"@type\":\"Organization\",\"@id\":\"https:\/\/www.rubau.com\/#organization\",\"name\":\"Rubau\",\"url\":\"https:\/\/www.rubau.com\/\",\"logo\":{\"@type\":\"ImageObject\",\"inLanguage\":\"ca\",\"@id\":\"https:\/\/www.rubau.com\/#\/schema\/logo\/image\/\",\"url\":\"https:\/\/www.rubau.com\/wp-content\/uploads\/2024\/10\/Logo-CONSTRUCCIONS-RUBAU-ES1.png\",\"contentUrl\":\"https:\/\/www.rubau.com\/wp-content\/uploads\/2024\/10\/Logo-CONSTRUCCIONS-RUBAU-ES1.png\",\"width\":1010,\"height\":200,\"caption\":\"Rubau\"},\"image\":{\"@id\":\"https:\/\/www.rubau.com\/#\/schema\/logo\/image\/\"},\"sameAs\":[\"https:\/\/www.instagram.com\/construcciones_rubau\/\",\"https:\/\/www.linkedin.com\/company\/construcciones-rubau-s.a.\"]},{\"@type\":\"Person\",\"@id\":\"\",\"url\":\"https:\/\/www.rubau.com\/ca\/author\/\"}]}<\/script>\n<!-- \/ Yoast SEO plugin. -->","yoast_head_json":{"title":"RUBAU PARTICIPA AL II F\u00d2RUM DE POL\u00cdGONS D\u2019ACTIVITAT ECON\u00d2MICA DE CATALUNYA - Rubau","robots":{"index":"index","follow":"follow","max-snippet":"max-snippet:-1","max-image-preview":"max-image-preview:large","max-video-preview":"max-video-preview:-1"},"canonical":"https:\/\/www.rubau.com\/ca\/rubau-participa-al-ii-forum-de-poligons-dactivitat-economica-de-catalunya__trashed\/","og_locale":"ca_ES","og_type":"article","og_title":"RUBAU PARTICIPA AL II F\u00d2RUM DE POL\u00cdGONS D\u2019ACTIVITAT ECON\u00d2MICA DE CATALUNYA - Rubau","og_description":"El Director Corporatiu, Joaquim Bordoy, va intervenir a la taula de debat sobre \u201cCom superar les barreres\u00a0 normatives i administratives a l\u2019urbanisme\u201d El director corporatiu de Rubau, Joaquim Bordoy, va representar al Grup RUBAU dins del programa del II F\u00f2rum de Pol\u00edgons d\u2019Activitat Econ\u00f2mica de Catalunya (PAE), que convoca la Uni\u00f3 de Pol\u00edgons Industrials de [&hellip;]","og_url":"https:\/\/www.rubau.com\/ca\/rubau-participa-al-ii-forum-de-poligons-dactivitat-economica-de-catalunya__trashed\/","og_site_name":"Rubau","article_published_time":"2023-10-24T13:29:05+00:00","article_modified_time":"2025-07-24T14:25:42+00:00","og_image":[{"width":814,"height":682,"url":"https:\/\/www.rubau.com\/wp-content\/uploads\/2023\/10\/WhatsApp-Image-2023-09-18-at-10.15.59.jpeg","type":"image\/jpeg"}],"twitter_card":"summary_large_image","twitter_misc":{"Escrit per":"","Temps estimat de lectura":"2 minuts"},"schema":{"@context":"https:\/\/schema.org","@graph":[{"@type":"Article","@id":"https:\/\/www.rubau.com\/ca\/rubau-participa-al-ii-forum-de-poligons-dactivitat-economica-de-catalunya__trashed\/#article","isPartOf":{"@id":"https:\/\/www.rubau.com\/ca\/rubau-participa-al-ii-forum-de-poligons-dactivitat-economica-de-catalunya__trashed\/"},"author":{"name":"","@id":""},"headline":"RUBAU PARTICIPA AL II F\u00d2RUM DE POL\u00cdGONS D\u2019ACTIVITAT ECON\u00d2MICA DE CATALUNYA","datePublished":"2023-10-24T13:29:05+00:00","dateModified":"2025-07-24T14:25:42+00:00","mainEntityOfPage":{"@id":"https:\/\/www.rubau.com\/ca\/rubau-participa-al-ii-forum-de-poligons-dactivitat-economica-de-catalunya__trashed\/"},"wordCount":398,"publisher":{"@id":"https:\/\/www.rubau.com\/#organization"},"image":{"@id":"https:\/\/www.rubau.com\/ca\/rubau-participa-al-ii-forum-de-poligons-dactivitat-economica-de-catalunya__trashed\/#primaryimage"},"thumbnailUrl":"https:\/\/www.rubau.com\/wp-content\/uploads\/2023\/10\/WhatsApp-Image-2023-09-18-at-10.15.59.jpeg","articleSection":["GRUPO RUBAU","Not\u00edcies"],"inLanguage":"ca"},{"@type":"WebPage","@id":"https:\/\/www.rubau.com\/ca\/rubau-participa-al-ii-forum-de-poligons-dactivitat-economica-de-catalunya__trashed\/","url":"https:\/\/www.rubau.com\/ca\/rubau-participa-al-ii-forum-de-poligons-dactivitat-economica-de-catalunya__trashed\/","name":"RUBAU PARTICIPA AL II F\u00d2RUM DE POL\u00cdGONS D\u2019ACTIVITAT ECON\u00d2MICA DE CATALUNYA - Rubau","isPartOf":{"@id":"https:\/\/www.rubau.com\/#website"},"primaryImageOfPage":{"@id":"https:\/\/www.rubau.com\/ca\/rubau-participa-al-ii-forum-de-poligons-dactivitat-economica-de-catalunya__trashed\/#primaryimage"},"image":{"@id":"https:\/\/www.rubau.com\/ca\/rubau-participa-al-ii-forum-de-poligons-dactivitat-economica-de-catalunya__trashed\/#primaryimage"},"thumbnailUrl":"https:\/\/www.rubau.com\/wp-content\/uploads\/2023\/10\/WhatsApp-Image-2023-09-18-at-10.15.59.jpeg","datePublished":"2023-10-24T13:29:05+00:00","dateModified":"2025-07-24T14:25:42+00:00","breadcrumb":{"@id":"https:\/\/www.rubau.com\/ca\/rubau-participa-al-ii-forum-de-poligons-dactivitat-economica-de-catalunya__trashed\/#breadcrumb"},"inLanguage":"ca","potentialAction":[{"@type":"ReadAction","target":["https:\/\/www.rubau.com\/ca\/rubau-participa-al-ii-forum-de-poligons-dactivitat-economica-de-catalunya__trashed\/"]}]},{"@type":"ImageObject","inLanguage":"ca","@id":"https:\/\/www.rubau.com\/ca\/rubau-participa-al-ii-forum-de-poligons-dactivitat-economica-de-catalunya__trashed\/#primaryimage","url":"https:\/\/www.rubau.com\/wp-content\/uploads\/2023\/10\/WhatsApp-Image-2023-09-18-at-10.15.59.jpeg","contentUrl":"https:\/\/www.rubau.com\/wp-content\/uploads\/2023\/10\/WhatsApp-Image-2023-09-18-at-10.15.59.jpeg","width":814,"height":682},{"@type":"BreadcrumbList","@id":"https:\/\/www.rubau.com\/ca\/rubau-participa-al-ii-forum-de-poligons-dactivitat-economica-de-catalunya__trashed\/#breadcrumb","itemListElement":[{"@type":"ListItem","position":1,"name":"Portada","item":"https:\/\/www.rubau.com\/"},{"@type":"ListItem","position":2,"name":"RUBAU PARTICIPA AL II F\u00d2RUM DE POL\u00cdGONS D\u2019ACTIVITAT ECON\u00d2MICA DE CATALUNYA"}]},{"@type":"WebSite","@id":"https:\/\/www.rubau.com\/#website","url":"https:\/\/www.rubau.com\/","name":"Rubau","description":"Construccions RUBAU","publisher":{"@id":"https:\/\/www.rubau.com\/#organization"},"potentialAction":[{"@type":"SearchAction","target":{"@type":"EntryPoint","urlTemplate":"https:\/\/www.rubau.com\/?s={search_term_string}"},"query-input":{"@type":"PropertyValueSpecification","valueRequired":true,"valueName":"search_term_string"}}],"inLanguage":"ca"},{"@type":"Organization","@id":"https:\/\/www.rubau.com\/#organization","name":"Rubau","url":"https:\/\/www.rubau.com\/","logo":{"@type":"ImageObject","inLanguage":"ca","@id":"https:\/\/www.rubau.com\/#\/schema\/logo\/image\/","url":"https:\/\/www.rubau.com\/wp-content\/uploads\/2024\/10\/Logo-CONSTRUCCIONS-RUBAU-ES1.png","contentUrl":"https:\/\/www.rubau.com\/wp-content\/uploads\/2024\/10\/Logo-CONSTRUCCIONS-RUBAU-ES1.png","width":1010,"height":200,"caption":"Rubau"},"image":{"@id":"https:\/\/www.rubau.com\/#\/schema\/logo\/image\/"},"sameAs":["https:\/\/www.instagram.com\/construcciones_rubau\/","https:\/\/www.linkedin.com\/company\/construcciones-rubau-s.a."]},{"@type":"Person","@id":"","url":"https:\/\/www.rubau.com\/ca\/author\/"}]}},"_links":{"self":[{"href":"https:\/\/www.rubau.com\/ca\/wp-json\/wp\/v2\/posts\/4284","targetHints":{"allow":["GET"]}}],"collection":[{"href":"https:\/\/www.rubau.com\/ca\/wp-json\/wp\/v2\/posts"}],"about":[{"href":"https:\/\/www.rubau.com\/ca\/wp-json\/wp\/v2\/types\/post"}],"author":[{"embeddable":true,"href":"https:\/\/www.rubau.com\/ca\/wp-json\/wp\/v2\/users\/2"}],"replies":[{"embeddable":true,"href":"https:\/\/www.rubau.com\/ca\/wp-json\/wp\/v2\/comments?post=4284"}],"version-history":[{"count":0,"href":"https:\/\/www.rubau.com\/ca\/wp-json\/wp\/v2\/posts\/4284\/revisions"}],"wp:featuredmedia":[{"embeddable":true,"href":"https:\/\/www.rubau.com\/ca\/wp-json\/wp\/v2\/media\/4279"}],"wp:attachment":[{"href":"https:\/\/www.rubau.com\/ca\/wp-json\/wp\/v2\/media?parent=4284"}],"wp:term":[{"taxonomy":"category","embeddable":true,"href":"https:\/\/www.rubau.com\/ca\/wp-json\/wp\/v2\/categories?post=4284"},{"taxonomy":"post_tag","embeddable":true,"href":"https:\/\/www.rubau.com\/ca\/wp-json\/wp\/v2\/tags?post=4284"}],"curies":[{"name":"wp","href":"https:\/\/api.w.org\/{rel}","templated":true}]}}