{"id":4404,"date":"2023-11-14T14:07:31","date_gmt":"2023-11-14T13:07:31","guid":{"rendered":"https:\/\/www.rubau.com\/?p=4404"},"modified":"2025-07-24T16:25:52","modified_gmt":"2025-07-24T14:25:52","slug":"grup-rubau-promoura-construira-i-gestionara-132-habitatges-de-lloguer-assequible-a-reus__trashed","status":"publish","type":"post","link":"https:\/\/www.rubau.com\/ca\/grup-rubau-promoura-construira-i-gestionara-132-habitatges-de-lloguer-assequible-a-reus__trashed\/","title":{"rendered":"GRUP RUBAU PROMOUR\u00c0, CONSTRUIR\u00c0 I GESTIONAR\u00c0 132 HABITATGES DE LLOGUER ASSEQUIBLE A REUS"},"content":{"rendered":"<p><strong>RUBAU rebr\u00e0 un dret de superf\u00edcie sobre el terreny, de propietat municipal, i assumir\u00e0 la inversi\u00f3, el manteniment i les reparacions durant un per\u00edode de 75 anys.<\/strong><\/p>\n<p><span style=\"font-weight: 400;\">El Grup RUBAU ha guanyat la licitaci\u00f3 p\u00fablica de l&#8217;Ajuntament de Reus per a la constituci\u00f3 d&#8217;un dret de superf\u00edcie de gaireb\u00e9 11.000 m2 destinat a la promoci\u00f3 oficial en r\u00e8gim de lloguer assequible de 132 habitatges. RUBAU ha estat l&#8217;adjudicatari de l&#8217;obra a trav\u00e9s de LLOGUERALIA, una empresa creada pel grup per a la gesti\u00f3 d&#8217;habitatges de lloguer assequible. La inversi\u00f3 del projecte \u00e9s de 15 milions d&#8217;euros, les obres comen\u00e7aran en els propers mesos i la cessi\u00f3 dels habitatges ser\u00e0 de 75 anys. Durant aquest per\u00edode, la gesti\u00f3 anir\u00e0 a c\u00e0rrec de Sogeviso, una empresa de lloguer amb vocaci\u00f3 social associada a RUBAU.<\/span><\/p>\n<p><span style=\"font-weight: 400;\">La construcci\u00f3 consistir\u00e0 en un edifici amb 132 habitatges, places d&#8217;aparcament i trasters. Ser\u00e0 un edifici amb planta soterrani, planta baixa i sis plantes pis. La planta baixa s&#8217;ha concebut com a &#8220;oberta i viva&#8221; per connectar les zones d&#8217;acc\u00e9s amb el bulevard. L&#8217;edifici tamb\u00e9 disposar\u00e0 d&#8217;una fa\u00e7ana urbana que albergar\u00e0 espais comuns complementaris per compartir activitats i usos comuns (espai d&#8217;estudi, espai d&#8217;oci, espai de coworking, etc.). La construcci\u00f3 tindr\u00e0 un certificat d&#8217;efici\u00e8ncia energ\u00e8tica A i una estrat\u00e8gia energ\u00e8tica de ventilaci\u00f3 creuada, sistemes d&#8217;a\u00efllament d&#8217;alta efici\u00e8ncia i plaques fotovoltaiques en modalitat de comunitat energ\u00e8tica. A m\u00e9s, algunes vivendes tindran pla\u00e7a d&#8217;aparcament associada i totes disposaran d&#8217;espai per a les bicicletes.<\/span><\/p>\n<p><span style=\"font-weight: 400;\">Les persones interessades a optar a aquests habitatges han de inscriure&#8217;s a la borsa d&#8217;habitatge de la Generalitat de Catalunya, de l&#8217;Ajuntament de Reus o de la comarca del Baix Camp. Tot i que Sogeviso gestionar\u00e0 els lloguers, ser\u00e0 l&#8217;ajuntament qui estudiar\u00e0 cada cas per decidir qui pot optar a aquests habitatges, mitjan\u00e7ant un proc\u00e9s en qu\u00e8 tindran prioritat les persones empadronades. El preu del lloguer d&#8217;aquests habitatges \u00e9s inferior al del mercat perqu\u00e8 estan regulats per la VPO de Catalunya.<\/span><\/p>\n<p><span style=\"font-weight: 400;\">RUBAU rebr\u00e0 un dret de superf\u00edcie sobre el terreny, de propietat municipal, i assumir\u00e0 la inversi\u00f3, el manteniment i les reparacions durant un per\u00edode de 75 anys. Un cop finalitzat aquest termini, els habitatges revertiran a l&#8217;Ajuntament.<\/span><\/p>\n<p><span style=\"font-weight: 400;\">Amb aquest nou contracte, que d\u00f3na continu\u00eftat a l&#8217;estrat\u00e8gia de diversificaci\u00f3 de les nostres \u00e0rees de negoci, Grup RUBAU expresa, una vegada m\u00e9s, el seu ferm comprom\u00eds amb l&#8217;Agenda 2030, en aquesta ocasi\u00f3, sumant esfor\u00e7os per acabar amb la manca d&#8217;habitatge assequible a les nostres ciutats.<\/span><\/p>\n","protected":false},"excerpt":{"rendered":"<p>RUBAU rebr\u00e0 un dret de superf\u00edcie sobre el terreny, de propietat municipal, i assumir\u00e0 la inversi\u00f3, el manteniment i les reparacions durant un per\u00edode de 75 anys. El Grup RUBAU ha guanyat la licitaci\u00f3 p\u00fablica de l&#8217;Ajuntament de Reus per a la constituci\u00f3 d&#8217;un dret de superf\u00edcie de gaireb\u00e9 11.000 m2 destinat a la promoci\u00f3 [&hellip;]<\/p>\n","protected":false},"author":2,"featured_media":4397,"comment_status":"closed","ping_status":"open","sticky":false,"template":"","format":"standard","meta":{"_acf_changed":false,"footnotes":""},"categories":[6],"tags":[],"class_list":["post-4404","post","type-post","status-publish","format-standard","has-post-thumbnail","hentry","category-noticies"],"acf":[],"yoast_head":"<!-- This site is optimized with the Yoast SEO plugin v26.5 - https:\/\/yoast.com\/wordpress\/plugins\/seo\/ -->\n<title>GRUP RUBAU PROMOUR\u00c0, CONSTRUIR\u00c0 I GESTIONAR\u00c0 132 HABITATGES DE LLOGUER ASSEQUIBLE A REUS - Rubau<\/title>\n<meta name=\"robots\" content=\"index, follow, max-snippet:-1, max-image-preview:large, max-video-preview:-1\" \/>\n<link rel=\"canonical\" href=\"https:\/\/www.rubau.com\/ca\/grup-rubau-promoura-construira-i-gestionara-132-habitatges-de-lloguer-assequible-a-reus__trashed\/\" \/>\n<meta property=\"og:locale\" content=\"ca_ES\" \/>\n<meta property=\"og:type\" content=\"article\" \/>\n<meta property=\"og:title\" content=\"GRUP RUBAU PROMOUR\u00c0, CONSTRUIR\u00c0 I GESTIONAR\u00c0 132 HABITATGES DE LLOGUER ASSEQUIBLE A REUS - Rubau\" \/>\n<meta property=\"og:description\" content=\"RUBAU rebr\u00e0 un dret de superf\u00edcie sobre el terreny, de propietat municipal, i assumir\u00e0 la inversi\u00f3, el manteniment i les reparacions durant un per\u00edode de 75 anys. El Grup RUBAU ha guanyat la licitaci\u00f3 p\u00fablica de l&#8217;Ajuntament de Reus per a la constituci\u00f3 d&#8217;un dret de superf\u00edcie de gaireb\u00e9 11.000 m2 destinat a la promoci\u00f3 [&hellip;]\" \/>\n<meta property=\"og:url\" content=\"https:\/\/www.rubau.com\/ca\/grup-rubau-promoura-construira-i-gestionara-132-habitatges-de-lloguer-assequible-a-reus__trashed\/\" \/>\n<meta property=\"og:site_name\" content=\"Rubau\" \/>\n<meta property=\"article:published_time\" content=\"2023-11-14T13:07:31+00:00\" \/>\n<meta property=\"article:modified_time\" content=\"2025-07-24T14:25:52+00:00\" \/>\n<meta property=\"og:image\" content=\"https:\/\/www.rubau.com\/wp-content\/uploads\/2023\/11\/llogueralia-reus-scaled.jpg\" \/>\n\t<meta property=\"og:image:width\" content=\"2560\" \/>\n\t<meta property=\"og:image:height\" content=\"2078\" \/>\n\t<meta property=\"og:image:type\" content=\"image\/jpeg\" \/>\n<meta name=\"twitter:card\" content=\"summary_large_image\" \/>\n<meta name=\"twitter:label1\" content=\"Escrit per\" \/>\n\t<meta name=\"twitter:data1\" content=\"\" \/>\n\t<meta name=\"twitter:label2\" content=\"Temps estimat de lectura\" \/>\n\t<meta name=\"twitter:data2\" content=\"2 minuts\" \/>\n<script type=\"application\/ld+json\" class=\"yoast-schema-graph\">{\"@context\":\"https:\/\/schema.org\",\"@graph\":[{\"@type\":\"Article\",\"@id\":\"https:\/\/www.rubau.com\/ca\/grup-rubau-promoura-construira-i-gestionara-132-habitatges-de-lloguer-assequible-a-reus__trashed\/#article\",\"isPartOf\":{\"@id\":\"https:\/\/www.rubau.com\/ca\/grup-rubau-promoura-construira-i-gestionara-132-habitatges-de-lloguer-assequible-a-reus__trashed\/\"},\"author\":{\"name\":\"\",\"@id\":\"\"},\"headline\":\"GRUP RUBAU PROMOUR\u00c0, CONSTRUIR\u00c0 I GESTIONAR\u00c0 132 HABITATGES DE LLOGUER ASSEQUIBLE A REUS\",\"datePublished\":\"2023-11-14T13:07:31+00:00\",\"dateModified\":\"2025-07-24T14:25:52+00:00\",\"mainEntityOfPage\":{\"@id\":\"https:\/\/www.rubau.com\/ca\/grup-rubau-promoura-construira-i-gestionara-132-habitatges-de-lloguer-assequible-a-reus__trashed\/\"},\"wordCount\":468,\"publisher\":{\"@id\":\"https:\/\/www.rubau.com\/#organization\"},\"image\":{\"@id\":\"https:\/\/www.rubau.com\/ca\/grup-rubau-promoura-construira-i-gestionara-132-habitatges-de-lloguer-assequible-a-reus__trashed\/#primaryimage\"},\"thumbnailUrl\":\"https:\/\/www.rubau.com\/wp-content\/uploads\/2023\/11\/llogueralia-reus-scaled.jpg\",\"articleSection\":[\"Not\u00edcies\"],\"inLanguage\":\"ca\"},{\"@type\":\"WebPage\",\"@id\":\"https:\/\/www.rubau.com\/ca\/grup-rubau-promoura-construira-i-gestionara-132-habitatges-de-lloguer-assequible-a-reus__trashed\/\",\"url\":\"https:\/\/www.rubau.com\/ca\/grup-rubau-promoura-construira-i-gestionara-132-habitatges-de-lloguer-assequible-a-reus__trashed\/\",\"name\":\"GRUP RUBAU PROMOUR\u00c0, CONSTRUIR\u00c0 I GESTIONAR\u00c0 132 HABITATGES DE LLOGUER ASSEQUIBLE A REUS - Rubau\",\"isPartOf\":{\"@id\":\"https:\/\/www.rubau.com\/#website\"},\"primaryImageOfPage\":{\"@id\":\"https:\/\/www.rubau.com\/ca\/grup-rubau-promoura-construira-i-gestionara-132-habitatges-de-lloguer-assequible-a-reus__trashed\/#primaryimage\"},\"image\":{\"@id\":\"https:\/\/www.rubau.com\/ca\/grup-rubau-promoura-construira-i-gestionara-132-habitatges-de-lloguer-assequible-a-reus__trashed\/#primaryimage\"},\"thumbnailUrl\":\"https:\/\/www.rubau.com\/wp-content\/uploads\/2023\/11\/llogueralia-reus-scaled.jpg\",\"datePublished\":\"2023-11-14T13:07:31+00:00\",\"dateModified\":\"2025-07-24T14:25:52+00:00\",\"breadcrumb\":{\"@id\":\"https:\/\/www.rubau.com\/ca\/grup-rubau-promoura-construira-i-gestionara-132-habitatges-de-lloguer-assequible-a-reus__trashed\/#breadcrumb\"},\"inLanguage\":\"ca\",\"potentialAction\":[{\"@type\":\"ReadAction\",\"target\":[\"https:\/\/www.rubau.com\/ca\/grup-rubau-promoura-construira-i-gestionara-132-habitatges-de-lloguer-assequible-a-reus__trashed\/\"]}]},{\"@type\":\"ImageObject\",\"inLanguage\":\"ca\",\"@id\":\"https:\/\/www.rubau.com\/ca\/grup-rubau-promoura-construira-i-gestionara-132-habitatges-de-lloguer-assequible-a-reus__trashed\/#primaryimage\",\"url\":\"https:\/\/www.rubau.com\/wp-content\/uploads\/2023\/11\/llogueralia-reus-scaled.jpg\",\"contentUrl\":\"https:\/\/www.rubau.com\/wp-content\/uploads\/2023\/11\/llogueralia-reus-scaled.jpg\",\"width\":2560,\"height\":2078},{\"@type\":\"BreadcrumbList\",\"@id\":\"https:\/\/www.rubau.com\/ca\/grup-rubau-promoura-construira-i-gestionara-132-habitatges-de-lloguer-assequible-a-reus__trashed\/#breadcrumb\",\"itemListElement\":[{\"@type\":\"ListItem\",\"position\":1,\"name\":\"Portada\",\"item\":\"https:\/\/www.rubau.com\/\"},{\"@type\":\"ListItem\",\"position\":2,\"name\":\"GRUP RUBAU PROMOUR\u00c0, CONSTRUIR\u00c0 I GESTIONAR\u00c0 132 HABITATGES DE LLOGUER ASSEQUIBLE A REUS\"}]},{\"@type\":\"WebSite\",\"@id\":\"https:\/\/www.rubau.com\/#website\",\"url\":\"https:\/\/www.rubau.com\/\",\"name\":\"Rubau\",\"description\":\"Construccions RUBAU\",\"publisher\":{\"@id\":\"https:\/\/www.rubau.com\/#organization\"},\"potentialAction\":[{\"@type\":\"SearchAction\",\"target\":{\"@type\":\"EntryPoint\",\"urlTemplate\":\"https:\/\/www.rubau.com\/?s={search_term_string}\"},\"query-input\":{\"@type\":\"PropertyValueSpecification\",\"valueRequired\":true,\"valueName\":\"search_term_string\"}}],\"inLanguage\":\"ca\"},{\"@type\":\"Organization\",\"@id\":\"https:\/\/www.rubau.com\/#organization\",\"name\":\"Rubau\",\"url\":\"https:\/\/www.rubau.com\/\",\"logo\":{\"@type\":\"ImageObject\",\"inLanguage\":\"ca\",\"@id\":\"https:\/\/www.rubau.com\/#\/schema\/logo\/image\/\",\"url\":\"https:\/\/www.rubau.com\/wp-content\/uploads\/2024\/10\/Logo-CONSTRUCCIONS-RUBAU-ES1.png\",\"contentUrl\":\"https:\/\/www.rubau.com\/wp-content\/uploads\/2024\/10\/Logo-CONSTRUCCIONS-RUBAU-ES1.png\",\"width\":1010,\"height\":200,\"caption\":\"Rubau\"},\"image\":{\"@id\":\"https:\/\/www.rubau.com\/#\/schema\/logo\/image\/\"},\"sameAs\":[\"https:\/\/www.instagram.com\/construcciones_rubau\/\",\"https:\/\/www.linkedin.com\/company\/construcciones-rubau-s.a.\"]},{\"@type\":\"Person\",\"@id\":\"\",\"url\":\"https:\/\/www.rubau.com\/ca\/author\/\"}]}<\/script>\n<!-- \/ Yoast SEO plugin. -->","yoast_head_json":{"title":"GRUP RUBAU PROMOUR\u00c0, CONSTRUIR\u00c0 I GESTIONAR\u00c0 132 HABITATGES DE LLOGUER ASSEQUIBLE A REUS - Rubau","robots":{"index":"index","follow":"follow","max-snippet":"max-snippet:-1","max-image-preview":"max-image-preview:large","max-video-preview":"max-video-preview:-1"},"canonical":"https:\/\/www.rubau.com\/ca\/grup-rubau-promoura-construira-i-gestionara-132-habitatges-de-lloguer-assequible-a-reus__trashed\/","og_locale":"ca_ES","og_type":"article","og_title":"GRUP RUBAU PROMOUR\u00c0, CONSTRUIR\u00c0 I GESTIONAR\u00c0 132 HABITATGES DE LLOGUER ASSEQUIBLE A REUS - Rubau","og_description":"RUBAU rebr\u00e0 un dret de superf\u00edcie sobre el terreny, de propietat municipal, i assumir\u00e0 la inversi\u00f3, el manteniment i les reparacions durant un per\u00edode de 75 anys. El Grup RUBAU ha guanyat la licitaci\u00f3 p\u00fablica de l&#8217;Ajuntament de Reus per a la constituci\u00f3 d&#8217;un dret de superf\u00edcie de gaireb\u00e9 11.000 m2 destinat a la promoci\u00f3 [&hellip;]","og_url":"https:\/\/www.rubau.com\/ca\/grup-rubau-promoura-construira-i-gestionara-132-habitatges-de-lloguer-assequible-a-reus__trashed\/","og_site_name":"Rubau","article_published_time":"2023-11-14T13:07:31+00:00","article_modified_time":"2025-07-24T14:25:52+00:00","og_image":[{"width":2560,"height":2078,"url":"https:\/\/www.rubau.com\/wp-content\/uploads\/2023\/11\/llogueralia-reus-scaled.jpg","type":"image\/jpeg"}],"twitter_card":"summary_large_image","twitter_misc":{"Escrit per":"","Temps estimat de lectura":"2 minuts"},"schema":{"@context":"https:\/\/schema.org","@graph":[{"@type":"Article","@id":"https:\/\/www.rubau.com\/ca\/grup-rubau-promoura-construira-i-gestionara-132-habitatges-de-lloguer-assequible-a-reus__trashed\/#article","isPartOf":{"@id":"https:\/\/www.rubau.com\/ca\/grup-rubau-promoura-construira-i-gestionara-132-habitatges-de-lloguer-assequible-a-reus__trashed\/"},"author":{"name":"","@id":""},"headline":"GRUP RUBAU PROMOUR\u00c0, CONSTRUIR\u00c0 I GESTIONAR\u00c0 132 HABITATGES DE LLOGUER ASSEQUIBLE A REUS","datePublished":"2023-11-14T13:07:31+00:00","dateModified":"2025-07-24T14:25:52+00:00","mainEntityOfPage":{"@id":"https:\/\/www.rubau.com\/ca\/grup-rubau-promoura-construira-i-gestionara-132-habitatges-de-lloguer-assequible-a-reus__trashed\/"},"wordCount":468,"publisher":{"@id":"https:\/\/www.rubau.com\/#organization"},"image":{"@id":"https:\/\/www.rubau.com\/ca\/grup-rubau-promoura-construira-i-gestionara-132-habitatges-de-lloguer-assequible-a-reus__trashed\/#primaryimage"},"thumbnailUrl":"https:\/\/www.rubau.com\/wp-content\/uploads\/2023\/11\/llogueralia-reus-scaled.jpg","articleSection":["Not\u00edcies"],"inLanguage":"ca"},{"@type":"WebPage","@id":"https:\/\/www.rubau.com\/ca\/grup-rubau-promoura-construira-i-gestionara-132-habitatges-de-lloguer-assequible-a-reus__trashed\/","url":"https:\/\/www.rubau.com\/ca\/grup-rubau-promoura-construira-i-gestionara-132-habitatges-de-lloguer-assequible-a-reus__trashed\/","name":"GRUP RUBAU PROMOUR\u00c0, CONSTRUIR\u00c0 I GESTIONAR\u00c0 132 HABITATGES DE LLOGUER ASSEQUIBLE A REUS - Rubau","isPartOf":{"@id":"https:\/\/www.rubau.com\/#website"},"primaryImageOfPage":{"@id":"https:\/\/www.rubau.com\/ca\/grup-rubau-promoura-construira-i-gestionara-132-habitatges-de-lloguer-assequible-a-reus__trashed\/#primaryimage"},"image":{"@id":"https:\/\/www.rubau.com\/ca\/grup-rubau-promoura-construira-i-gestionara-132-habitatges-de-lloguer-assequible-a-reus__trashed\/#primaryimage"},"thumbnailUrl":"https:\/\/www.rubau.com\/wp-content\/uploads\/2023\/11\/llogueralia-reus-scaled.jpg","datePublished":"2023-11-14T13:07:31+00:00","dateModified":"2025-07-24T14:25:52+00:00","breadcrumb":{"@id":"https:\/\/www.rubau.com\/ca\/grup-rubau-promoura-construira-i-gestionara-132-habitatges-de-lloguer-assequible-a-reus__trashed\/#breadcrumb"},"inLanguage":"ca","potentialAction":[{"@type":"ReadAction","target":["https:\/\/www.rubau.com\/ca\/grup-rubau-promoura-construira-i-gestionara-132-habitatges-de-lloguer-assequible-a-reus__trashed\/"]}]},{"@type":"ImageObject","inLanguage":"ca","@id":"https:\/\/www.rubau.com\/ca\/grup-rubau-promoura-construira-i-gestionara-132-habitatges-de-lloguer-assequible-a-reus__trashed\/#primaryimage","url":"https:\/\/www.rubau.com\/wp-content\/uploads\/2023\/11\/llogueralia-reus-scaled.jpg","contentUrl":"https:\/\/www.rubau.com\/wp-content\/uploads\/2023\/11\/llogueralia-reus-scaled.jpg","width":2560,"height":2078},{"@type":"BreadcrumbList","@id":"https:\/\/www.rubau.com\/ca\/grup-rubau-promoura-construira-i-gestionara-132-habitatges-de-lloguer-assequible-a-reus__trashed\/#breadcrumb","itemListElement":[{"@type":"ListItem","position":1,"name":"Portada","item":"https:\/\/www.rubau.com\/"},{"@type":"ListItem","position":2,"name":"GRUP RUBAU PROMOUR\u00c0, CONSTRUIR\u00c0 I GESTIONAR\u00c0 132 HABITATGES DE LLOGUER ASSEQUIBLE A REUS"}]},{"@type":"WebSite","@id":"https:\/\/www.rubau.com\/#website","url":"https:\/\/www.rubau.com\/","name":"Rubau","description":"Construccions RUBAU","publisher":{"@id":"https:\/\/www.rubau.com\/#organization"},"potentialAction":[{"@type":"SearchAction","target":{"@type":"EntryPoint","urlTemplate":"https:\/\/www.rubau.com\/?s={search_term_string}"},"query-input":{"@type":"PropertyValueSpecification","valueRequired":true,"valueName":"search_term_string"}}],"inLanguage":"ca"},{"@type":"Organization","@id":"https:\/\/www.rubau.com\/#organization","name":"Rubau","url":"https:\/\/www.rubau.com\/","logo":{"@type":"ImageObject","inLanguage":"ca","@id":"https:\/\/www.rubau.com\/#\/schema\/logo\/image\/","url":"https:\/\/www.rubau.com\/wp-content\/uploads\/2024\/10\/Logo-CONSTRUCCIONS-RUBAU-ES1.png","contentUrl":"https:\/\/www.rubau.com\/wp-content\/uploads\/2024\/10\/Logo-CONSTRUCCIONS-RUBAU-ES1.png","width":1010,"height":200,"caption":"Rubau"},"image":{"@id":"https:\/\/www.rubau.com\/#\/schema\/logo\/image\/"},"sameAs":["https:\/\/www.instagram.com\/construcciones_rubau\/","https:\/\/www.linkedin.com\/company\/construcciones-rubau-s.a."]},{"@type":"Person","@id":"","url":"https:\/\/www.rubau.com\/ca\/author\/"}]}},"_links":{"self":[{"href":"https:\/\/www.rubau.com\/ca\/wp-json\/wp\/v2\/posts\/4404","targetHints":{"allow":["GET"]}}],"collection":[{"href":"https:\/\/www.rubau.com\/ca\/wp-json\/wp\/v2\/posts"}],"about":[{"href":"https:\/\/www.rubau.com\/ca\/wp-json\/wp\/v2\/types\/post"}],"author":[{"embeddable":true,"href":"https:\/\/www.rubau.com\/ca\/wp-json\/wp\/v2\/users\/2"}],"replies":[{"embeddable":true,"href":"https:\/\/www.rubau.com\/ca\/wp-json\/wp\/v2\/comments?post=4404"}],"version-history":[{"count":0,"href":"https:\/\/www.rubau.com\/ca\/wp-json\/wp\/v2\/posts\/4404\/revisions"}],"wp:featuredmedia":[{"embeddable":true,"href":"https:\/\/www.rubau.com\/ca\/wp-json\/wp\/v2\/media\/4397"}],"wp:attachment":[{"href":"https:\/\/www.rubau.com\/ca\/wp-json\/wp\/v2\/media?parent=4404"}],"wp:term":[{"taxonomy":"category","embeddable":true,"href":"https:\/\/www.rubau.com\/ca\/wp-json\/wp\/v2\/categories?post=4404"},{"taxonomy":"post_tag","embeddable":true,"href":"https:\/\/www.rubau.com\/ca\/wp-json\/wp\/v2\/tags?post=4404"}],"curies":[{"name":"wp","href":"https:\/\/api.w.org\/{rel}","templated":true}]}}