{"id":4581,"date":"2024-04-12T12:34:13","date_gmt":"2024-04-12T10:34:13","guid":{"rendered":"https:\/\/www.rubau.com\/?p=4581"},"modified":"2025-07-24T16:26:08","modified_gmt":"2025-07-24T14:26:08","slug":"rubau-sadjudica-lobra-civil-de-la-linia-9-del-metro-de-barcelona__trashed","status":"publish","type":"post","link":"https:\/\/www.rubau.com\/ca\/rubau-sadjudica-lobra-civil-de-la-linia-9-del-metro-de-barcelona__trashed\/","title":{"rendered":"RUBAU S&#8217;ADJUDICA L&#8217;OBRA CIVIL DE LA L\u00cdNIA 9 DEL METRO DE BARCELONA"},"content":{"rendered":"<p><span style=\"font-weight: 400;\">El passat mes de mar\u00e7 GRUP RUBAU es va adjudicar l&#8217;obra civil del projecte constructiu de la l\u00ednia 9 del metro de Barcelona a l&#8217;Estaci\u00f3 de Maragall per aproximadament 3 milions d&#8217;euros.<\/span><\/p>\n<p><span style=\"font-weight: 400;\">Aquesta actuaci\u00f3 s&#8217;emmarca en la finalitzaci\u00f3 del tram central d&#8217;aquesta l\u00ednia de metro, que connecta 5 municipis de l&#8217;\u00e0rea metropolitana, per la qual cosa \u00e9s, actualment, un dels projectes d&#8217;enginyeria civil m\u00e9s importants a Catalunya. La l\u00ednia 9 va comen\u00e7ar a executar-se el 2003 i es va anar construint en diferents contractes simultanis al llarg de 45 km durant el per\u00edode 2005-2010. La construcci\u00f3 de l&#8217;estaci\u00f3 de Maragall va comen\u00e7ar el 2004 i es va suspendre el 2011. A grans trets, l&#8217;obra executada durant aquest per\u00edode va ser la formaci\u00f3 d&#8217;un pou vertical de 26 m de di\u00e0metre i 62 m de profunditat des de la superf\u00edcie fins a la cota inferior del t\u00fanel, la connexi\u00f3 d&#8217;aquest pou vertical amb el t\u00fanel i una tapa de cobertura, provisional, que suporta una urbanitzaci\u00f3 tamb\u00e9 provisional.<\/span><\/p>\n<p><span style=\"font-weight: 400;\">El projecte adjudicat a RUBAU consisteix en les actuacions necess\u00e0ries d&#8217;obra civil per completar l&#8217;estaci\u00f3. Destaquen la reparaci\u00f3 de patologies estructurals que presenta el pou actual, la construcci\u00f3 dels andanes, la formaci\u00f3 dels pous de ventilaci\u00f3 i sortides d&#8217;emerg\u00e8ncia, la formaci\u00f3 de la base del pou i la seva preparaci\u00f3 per rebre l&#8217;estructura met\u00e0l\u00b7lica i, finalment, la construcci\u00f3 de les lloses del vest\u00edbul i la coberta. Les obres han comen\u00e7at aquesta primavera i el seu termini d&#8217;execuci\u00f3 \u00e9s de 13 mesos.<\/span><\/p>\n<p>&nbsp;<\/p>\n","protected":false},"excerpt":{"rendered":"<p>El passat mes de mar\u00e7 GRUP RUBAU es va adjudicar l&#8217;obra civil del projecte constructiu de la l\u00ednia 9 del metro de Barcelona a l&#8217;Estaci\u00f3 de Maragall per aproximadament 3 milions d&#8217;euros. Aquesta actuaci\u00f3 s&#8217;emmarca en la finalitzaci\u00f3 del tram central d&#8217;aquesta l\u00ednia de metro, que connecta 5 municipis de l&#8217;\u00e0rea metropolitana, per la qual [&hellip;]<\/p>\n","protected":false},"author":2,"featured_media":4576,"comment_status":"closed","ping_status":"open","sticky":false,"template":"","format":"standard","meta":{"_acf_changed":false,"footnotes":""},"categories":[120,6],"tags":[],"class_list":["post-4581","post","type-post","status-publish","format-standard","has-post-thumbnail","hentry","category-grupo-rubau-ca","category-noticies"],"acf":[],"yoast_head":"<!-- This site is optimized with the Yoast SEO plugin v26.5 - https:\/\/yoast.com\/wordpress\/plugins\/seo\/ -->\n<title>RUBAU S&#039;ADJUDICA L&#039;OBRA CIVIL DE LA L\u00cdNIA 9 DEL METRO DE BARCELONA - Rubau<\/title>\n<meta name=\"robots\" content=\"index, follow, max-snippet:-1, max-image-preview:large, max-video-preview:-1\" \/>\n<link rel=\"canonical\" href=\"https:\/\/www.rubau.com\/ca\/rubau-sadjudica-lobra-civil-de-la-linia-9-del-metro-de-barcelona__trashed\/\" \/>\n<meta property=\"og:locale\" content=\"ca_ES\" \/>\n<meta property=\"og:type\" content=\"article\" \/>\n<meta property=\"og:title\" content=\"RUBAU S&#039;ADJUDICA L&#039;OBRA CIVIL DE LA L\u00cdNIA 9 DEL METRO DE BARCELONA - Rubau\" \/>\n<meta property=\"og:description\" content=\"El passat mes de mar\u00e7 GRUP RUBAU es va adjudicar l&#8217;obra civil del projecte constructiu de la l\u00ednia 9 del metro de Barcelona a l&#8217;Estaci\u00f3 de Maragall per aproximadament 3 milions d&#8217;euros. Aquesta actuaci\u00f3 s&#8217;emmarca en la finalitzaci\u00f3 del tram central d&#8217;aquesta l\u00ednia de metro, que connecta 5 municipis de l&#8217;\u00e0rea metropolitana, per la qual [&hellip;]\" \/>\n<meta property=\"og:url\" content=\"https:\/\/www.rubau.com\/ca\/rubau-sadjudica-lobra-civil-de-la-linia-9-del-metro-de-barcelona__trashed\/\" \/>\n<meta property=\"og:site_name\" content=\"Rubau\" \/>\n<meta property=\"article:published_time\" content=\"2024-04-12T10:34:13+00:00\" \/>\n<meta property=\"article:modified_time\" content=\"2025-07-24T14:26:08+00:00\" \/>\n<meta property=\"og:image\" content=\"https:\/\/www.rubau.com\/wp-content\/uploads\/2024\/04\/l9.png\" \/>\n\t<meta property=\"og:image:width\" content=\"499\" \/>\n\t<meta property=\"og:image:height\" content=\"363\" \/>\n\t<meta property=\"og:image:type\" content=\"image\/png\" \/>\n<meta name=\"twitter:card\" content=\"summary_large_image\" \/>\n<meta name=\"twitter:label1\" content=\"Escrit per\" \/>\n\t<meta name=\"twitter:data1\" content=\"\" \/>\n\t<meta name=\"twitter:label2\" content=\"Temps estimat de lectura\" \/>\n\t<meta name=\"twitter:data2\" content=\"1 minut\" \/>\n<script type=\"application\/ld+json\" class=\"yoast-schema-graph\">{\"@context\":\"https:\/\/schema.org\",\"@graph\":[{\"@type\":\"Article\",\"@id\":\"https:\/\/www.rubau.com\/ca\/rubau-sadjudica-lobra-civil-de-la-linia-9-del-metro-de-barcelona__trashed\/#article\",\"isPartOf\":{\"@id\":\"https:\/\/www.rubau.com\/ca\/rubau-sadjudica-lobra-civil-de-la-linia-9-del-metro-de-barcelona__trashed\/\"},\"author\":{\"name\":\"\",\"@id\":\"\"},\"headline\":\"RUBAU S&#8217;ADJUDICA L&#8217;OBRA CIVIL DE LA L\u00cdNIA 9 DEL METRO DE BARCELONA\",\"datePublished\":\"2024-04-12T10:34:13+00:00\",\"dateModified\":\"2025-07-24T14:26:08+00:00\",\"mainEntityOfPage\":{\"@id\":\"https:\/\/www.rubau.com\/ca\/rubau-sadjudica-lobra-civil-de-la-linia-9-del-metro-de-barcelona__trashed\/\"},\"wordCount\":285,\"publisher\":{\"@id\":\"https:\/\/www.rubau.com\/#organization\"},\"image\":{\"@id\":\"https:\/\/www.rubau.com\/ca\/rubau-sadjudica-lobra-civil-de-la-linia-9-del-metro-de-barcelona__trashed\/#primaryimage\"},\"thumbnailUrl\":\"https:\/\/www.rubau.com\/wp-content\/uploads\/2024\/04\/l9.png\",\"articleSection\":[\"GRUPO RUBAU\",\"Not\u00edcies\"],\"inLanguage\":\"ca\"},{\"@type\":\"WebPage\",\"@id\":\"https:\/\/www.rubau.com\/ca\/rubau-sadjudica-lobra-civil-de-la-linia-9-del-metro-de-barcelona__trashed\/\",\"url\":\"https:\/\/www.rubau.com\/ca\/rubau-sadjudica-lobra-civil-de-la-linia-9-del-metro-de-barcelona__trashed\/\",\"name\":\"RUBAU S'ADJUDICA L'OBRA CIVIL DE LA L\u00cdNIA 9 DEL METRO DE BARCELONA - Rubau\",\"isPartOf\":{\"@id\":\"https:\/\/www.rubau.com\/#website\"},\"primaryImageOfPage\":{\"@id\":\"https:\/\/www.rubau.com\/ca\/rubau-sadjudica-lobra-civil-de-la-linia-9-del-metro-de-barcelona__trashed\/#primaryimage\"},\"image\":{\"@id\":\"https:\/\/www.rubau.com\/ca\/rubau-sadjudica-lobra-civil-de-la-linia-9-del-metro-de-barcelona__trashed\/#primaryimage\"},\"thumbnailUrl\":\"https:\/\/www.rubau.com\/wp-content\/uploads\/2024\/04\/l9.png\",\"datePublished\":\"2024-04-12T10:34:13+00:00\",\"dateModified\":\"2025-07-24T14:26:08+00:00\",\"breadcrumb\":{\"@id\":\"https:\/\/www.rubau.com\/ca\/rubau-sadjudica-lobra-civil-de-la-linia-9-del-metro-de-barcelona__trashed\/#breadcrumb\"},\"inLanguage\":\"ca\",\"potentialAction\":[{\"@type\":\"ReadAction\",\"target\":[\"https:\/\/www.rubau.com\/ca\/rubau-sadjudica-lobra-civil-de-la-linia-9-del-metro-de-barcelona__trashed\/\"]}]},{\"@type\":\"ImageObject\",\"inLanguage\":\"ca\",\"@id\":\"https:\/\/www.rubau.com\/ca\/rubau-sadjudica-lobra-civil-de-la-linia-9-del-metro-de-barcelona__trashed\/#primaryimage\",\"url\":\"https:\/\/www.rubau.com\/wp-content\/uploads\/2024\/04\/l9.png\",\"contentUrl\":\"https:\/\/www.rubau.com\/wp-content\/uploads\/2024\/04\/l9.png\",\"width\":499,\"height\":363},{\"@type\":\"BreadcrumbList\",\"@id\":\"https:\/\/www.rubau.com\/ca\/rubau-sadjudica-lobra-civil-de-la-linia-9-del-metro-de-barcelona__trashed\/#breadcrumb\",\"itemListElement\":[{\"@type\":\"ListItem\",\"position\":1,\"name\":\"Portada\",\"item\":\"https:\/\/www.rubau.com\/\"},{\"@type\":\"ListItem\",\"position\":2,\"name\":\"RUBAU S&#8217;ADJUDICA L&#8217;OBRA CIVIL DE LA L\u00cdNIA 9 DEL METRO DE BARCELONA\"}]},{\"@type\":\"WebSite\",\"@id\":\"https:\/\/www.rubau.com\/#website\",\"url\":\"https:\/\/www.rubau.com\/\",\"name\":\"Rubau\",\"description\":\"Construccions RUBAU\",\"publisher\":{\"@id\":\"https:\/\/www.rubau.com\/#organization\"},\"potentialAction\":[{\"@type\":\"SearchAction\",\"target\":{\"@type\":\"EntryPoint\",\"urlTemplate\":\"https:\/\/www.rubau.com\/?s={search_term_string}\"},\"query-input\":{\"@type\":\"PropertyValueSpecification\",\"valueRequired\":true,\"valueName\":\"search_term_string\"}}],\"inLanguage\":\"ca\"},{\"@type\":\"Organization\",\"@id\":\"https:\/\/www.rubau.com\/#organization\",\"name\":\"Rubau\",\"url\":\"https:\/\/www.rubau.com\/\",\"logo\":{\"@type\":\"ImageObject\",\"inLanguage\":\"ca\",\"@id\":\"https:\/\/www.rubau.com\/#\/schema\/logo\/image\/\",\"url\":\"https:\/\/www.rubau.com\/wp-content\/uploads\/2024\/10\/Logo-CONSTRUCCIONS-RUBAU-ES1.png\",\"contentUrl\":\"https:\/\/www.rubau.com\/wp-content\/uploads\/2024\/10\/Logo-CONSTRUCCIONS-RUBAU-ES1.png\",\"width\":1010,\"height\":200,\"caption\":\"Rubau\"},\"image\":{\"@id\":\"https:\/\/www.rubau.com\/#\/schema\/logo\/image\/\"},\"sameAs\":[\"https:\/\/www.instagram.com\/construcciones_rubau\/\",\"https:\/\/www.linkedin.com\/company\/construcciones-rubau-s.a.\"]},{\"@type\":\"Person\",\"@id\":\"\",\"url\":\"https:\/\/www.rubau.com\/ca\/author\/\"}]}<\/script>\n<!-- \/ Yoast SEO plugin. -->","yoast_head_json":{"title":"RUBAU S'ADJUDICA L'OBRA CIVIL DE LA L\u00cdNIA 9 DEL METRO DE BARCELONA - Rubau","robots":{"index":"index","follow":"follow","max-snippet":"max-snippet:-1","max-image-preview":"max-image-preview:large","max-video-preview":"max-video-preview:-1"},"canonical":"https:\/\/www.rubau.com\/ca\/rubau-sadjudica-lobra-civil-de-la-linia-9-del-metro-de-barcelona__trashed\/","og_locale":"ca_ES","og_type":"article","og_title":"RUBAU S'ADJUDICA L'OBRA CIVIL DE LA L\u00cdNIA 9 DEL METRO DE BARCELONA - Rubau","og_description":"El passat mes de mar\u00e7 GRUP RUBAU es va adjudicar l&#8217;obra civil del projecte constructiu de la l\u00ednia 9 del metro de Barcelona a l&#8217;Estaci\u00f3 de Maragall per aproximadament 3 milions d&#8217;euros. Aquesta actuaci\u00f3 s&#8217;emmarca en la finalitzaci\u00f3 del tram central d&#8217;aquesta l\u00ednia de metro, que connecta 5 municipis de l&#8217;\u00e0rea metropolitana, per la qual [&hellip;]","og_url":"https:\/\/www.rubau.com\/ca\/rubau-sadjudica-lobra-civil-de-la-linia-9-del-metro-de-barcelona__trashed\/","og_site_name":"Rubau","article_published_time":"2024-04-12T10:34:13+00:00","article_modified_time":"2025-07-24T14:26:08+00:00","og_image":[{"width":499,"height":363,"url":"https:\/\/www.rubau.com\/wp-content\/uploads\/2024\/04\/l9.png","type":"image\/png"}],"twitter_card":"summary_large_image","twitter_misc":{"Escrit per":"","Temps estimat de lectura":"1 minut"},"schema":{"@context":"https:\/\/schema.org","@graph":[{"@type":"Article","@id":"https:\/\/www.rubau.com\/ca\/rubau-sadjudica-lobra-civil-de-la-linia-9-del-metro-de-barcelona__trashed\/#article","isPartOf":{"@id":"https:\/\/www.rubau.com\/ca\/rubau-sadjudica-lobra-civil-de-la-linia-9-del-metro-de-barcelona__trashed\/"},"author":{"name":"","@id":""},"headline":"RUBAU S&#8217;ADJUDICA L&#8217;OBRA CIVIL DE LA L\u00cdNIA 9 DEL METRO DE BARCELONA","datePublished":"2024-04-12T10:34:13+00:00","dateModified":"2025-07-24T14:26:08+00:00","mainEntityOfPage":{"@id":"https:\/\/www.rubau.com\/ca\/rubau-sadjudica-lobra-civil-de-la-linia-9-del-metro-de-barcelona__trashed\/"},"wordCount":285,"publisher":{"@id":"https:\/\/www.rubau.com\/#organization"},"image":{"@id":"https:\/\/www.rubau.com\/ca\/rubau-sadjudica-lobra-civil-de-la-linia-9-del-metro-de-barcelona__trashed\/#primaryimage"},"thumbnailUrl":"https:\/\/www.rubau.com\/wp-content\/uploads\/2024\/04\/l9.png","articleSection":["GRUPO RUBAU","Not\u00edcies"],"inLanguage":"ca"},{"@type":"WebPage","@id":"https:\/\/www.rubau.com\/ca\/rubau-sadjudica-lobra-civil-de-la-linia-9-del-metro-de-barcelona__trashed\/","url":"https:\/\/www.rubau.com\/ca\/rubau-sadjudica-lobra-civil-de-la-linia-9-del-metro-de-barcelona__trashed\/","name":"RUBAU S'ADJUDICA L'OBRA CIVIL DE LA L\u00cdNIA 9 DEL METRO DE BARCELONA - Rubau","isPartOf":{"@id":"https:\/\/www.rubau.com\/#website"},"primaryImageOfPage":{"@id":"https:\/\/www.rubau.com\/ca\/rubau-sadjudica-lobra-civil-de-la-linia-9-del-metro-de-barcelona__trashed\/#primaryimage"},"image":{"@id":"https:\/\/www.rubau.com\/ca\/rubau-sadjudica-lobra-civil-de-la-linia-9-del-metro-de-barcelona__trashed\/#primaryimage"},"thumbnailUrl":"https:\/\/www.rubau.com\/wp-content\/uploads\/2024\/04\/l9.png","datePublished":"2024-04-12T10:34:13+00:00","dateModified":"2025-07-24T14:26:08+00:00","breadcrumb":{"@id":"https:\/\/www.rubau.com\/ca\/rubau-sadjudica-lobra-civil-de-la-linia-9-del-metro-de-barcelona__trashed\/#breadcrumb"},"inLanguage":"ca","potentialAction":[{"@type":"ReadAction","target":["https:\/\/www.rubau.com\/ca\/rubau-sadjudica-lobra-civil-de-la-linia-9-del-metro-de-barcelona__trashed\/"]}]},{"@type":"ImageObject","inLanguage":"ca","@id":"https:\/\/www.rubau.com\/ca\/rubau-sadjudica-lobra-civil-de-la-linia-9-del-metro-de-barcelona__trashed\/#primaryimage","url":"https:\/\/www.rubau.com\/wp-content\/uploads\/2024\/04\/l9.png","contentUrl":"https:\/\/www.rubau.com\/wp-content\/uploads\/2024\/04\/l9.png","width":499,"height":363},{"@type":"BreadcrumbList","@id":"https:\/\/www.rubau.com\/ca\/rubau-sadjudica-lobra-civil-de-la-linia-9-del-metro-de-barcelona__trashed\/#breadcrumb","itemListElement":[{"@type":"ListItem","position":1,"name":"Portada","item":"https:\/\/www.rubau.com\/"},{"@type":"ListItem","position":2,"name":"RUBAU S&#8217;ADJUDICA L&#8217;OBRA CIVIL DE LA L\u00cdNIA 9 DEL METRO DE BARCELONA"}]},{"@type":"WebSite","@id":"https:\/\/www.rubau.com\/#website","url":"https:\/\/www.rubau.com\/","name":"Rubau","description":"Construccions RUBAU","publisher":{"@id":"https:\/\/www.rubau.com\/#organization"},"potentialAction":[{"@type":"SearchAction","target":{"@type":"EntryPoint","urlTemplate":"https:\/\/www.rubau.com\/?s={search_term_string}"},"query-input":{"@type":"PropertyValueSpecification","valueRequired":true,"valueName":"search_term_string"}}],"inLanguage":"ca"},{"@type":"Organization","@id":"https:\/\/www.rubau.com\/#organization","name":"Rubau","url":"https:\/\/www.rubau.com\/","logo":{"@type":"ImageObject","inLanguage":"ca","@id":"https:\/\/www.rubau.com\/#\/schema\/logo\/image\/","url":"https:\/\/www.rubau.com\/wp-content\/uploads\/2024\/10\/Logo-CONSTRUCCIONS-RUBAU-ES1.png","contentUrl":"https:\/\/www.rubau.com\/wp-content\/uploads\/2024\/10\/Logo-CONSTRUCCIONS-RUBAU-ES1.png","width":1010,"height":200,"caption":"Rubau"},"image":{"@id":"https:\/\/www.rubau.com\/#\/schema\/logo\/image\/"},"sameAs":["https:\/\/www.instagram.com\/construcciones_rubau\/","https:\/\/www.linkedin.com\/company\/construcciones-rubau-s.a."]},{"@type":"Person","@id":"","url":"https:\/\/www.rubau.com\/ca\/author\/"}]}},"_links":{"self":[{"href":"https:\/\/www.rubau.com\/ca\/wp-json\/wp\/v2\/posts\/4581","targetHints":{"allow":["GET"]}}],"collection":[{"href":"https:\/\/www.rubau.com\/ca\/wp-json\/wp\/v2\/posts"}],"about":[{"href":"https:\/\/www.rubau.com\/ca\/wp-json\/wp\/v2\/types\/post"}],"author":[{"embeddable":true,"href":"https:\/\/www.rubau.com\/ca\/wp-json\/wp\/v2\/users\/2"}],"replies":[{"embeddable":true,"href":"https:\/\/www.rubau.com\/ca\/wp-json\/wp\/v2\/comments?post=4581"}],"version-history":[{"count":0,"href":"https:\/\/www.rubau.com\/ca\/wp-json\/wp\/v2\/posts\/4581\/revisions"}],"wp:featuredmedia":[{"embeddable":true,"href":"https:\/\/www.rubau.com\/ca\/wp-json\/wp\/v2\/media\/4576"}],"wp:attachment":[{"href":"https:\/\/www.rubau.com\/ca\/wp-json\/wp\/v2\/media?parent=4581"}],"wp:term":[{"taxonomy":"category","embeddable":true,"href":"https:\/\/www.rubau.com\/ca\/wp-json\/wp\/v2\/categories?post=4581"},{"taxonomy":"post_tag","embeddable":true,"href":"https:\/\/www.rubau.com\/ca\/wp-json\/wp\/v2\/tags?post=4581"}],"curies":[{"name":"wp","href":"https:\/\/api.w.org\/{rel}","templated":true}]}}