{"id":5106,"date":"2024-10-09T08:50:51","date_gmt":"2024-10-09T06:50:51","guid":{"rendered":"https:\/\/www.rubau.com\/?p=5106"},"modified":"2025-07-24T16:26:56","modified_gmt":"2025-07-24T14:26:56","slug":"rubau-sadjudica-les-obres-de-remodelacio-de-lestacio-de-bordils-juia-girona__trashed","status":"publish","type":"post","link":"https:\/\/www.rubau.com\/ca\/rubau-sadjudica-les-obres-de-remodelacio-de-lestacio-de-bordils-juia-girona__trashed\/","title":{"rendered":"RUBAU S&#8217;ADJUDICA LES OBRES DE REMODELACI\u00d3 DE L&#8217;ESTACI\u00d3 DE BORDILS-JUI\u00c0 (GIRONA)"},"content":{"rendered":"<p>ADIF ha confiat a RUBAU les obres de remodelaci\u00f3 de l&#8217;andana de Bordils-Jui\u00e0 a la prov\u00edncia de Girona amb un pressupost de 4,5 milions d&#8217;euros i un termini d&#8217;execuci\u00f3 de 15 mesos.<\/p>\n<p>Els treballs consisteixen en la construcci\u00f3 d&#8217;un pas inferior de connexi\u00f3 entre andanes que substitueixi l&#8217;actual creuament a nivell de vies, que \u00e9s actualment l&#8217;\u00fanica forma de connexi\u00f3 entre andanes, i millori, a m\u00e9s, la connectivitat urbana entre els dos costats del tra\u00e7at ferroviari. Addicionalment, es repavimentaran i prolongaran les andanes fins a assolir una longitud de 210 metres i s&#8217;adequaran els elements de senyalitzaci\u00f3 i els accessos per crear recorreguts lliures d&#8217;obstacles. El projecte tamb\u00e9 inclou noves marquesines i instal\u00b7lacions de sanejament, electricitat, il\u00b7luminaci\u00f3, seguretat i circuit tancat de televisi\u00f3.<\/p>\n<p>L&#8217;actuaci\u00f3 t\u00e9 com a objectiu millorar la qualitat del servei condicionant la infraestructura per a l&#8217;\u00fas de persones amb mobilitat redu\u00efda, suprimint barreres arquitect\u00f2niques, eliminant el creuament de vies i creant espais m\u00e9s inclusius.<\/p>\n<p>&nbsp;<\/p>\n","protected":false},"excerpt":{"rendered":"<p>ADIF ha confiat a RUBAU les obres de remodelaci\u00f3 de l&#8217;andana de Bordils-Jui\u00e0 a la prov\u00edncia de Girona amb un pressupost de 4,5 milions d&#8217;euros i un termini d&#8217;execuci\u00f3 de 15 mesos. Els treballs consisteixen en la construcci\u00f3 d&#8217;un pas inferior de connexi\u00f3 entre andanes que substitueixi l&#8217;actual creuament a nivell de vies, que \u00e9s [&hellip;]<\/p>\n","protected":false},"author":2,"featured_media":5101,"comment_status":"closed","ping_status":"open","sticky":false,"template":"","format":"standard","meta":{"_acf_changed":false,"footnotes":""},"categories":[6],"tags":[],"class_list":["post-5106","post","type-post","status-publish","format-standard","has-post-thumbnail","hentry","category-noticies"],"acf":[],"yoast_head":"<!-- This site is optimized with the Yoast SEO plugin v26.5 - https:\/\/yoast.com\/wordpress\/plugins\/seo\/ -->\n<title>RUBAU S&#039;ADJUDICA LES OBRES DE REMODELACI\u00d3 DE L&#039;ESTACI\u00d3 DE BORDILS-JUI\u00c0 (GIRONA) - Rubau<\/title>\n<meta name=\"robots\" content=\"index, follow, max-snippet:-1, max-image-preview:large, max-video-preview:-1\" \/>\n<link rel=\"canonical\" href=\"https:\/\/www.rubau.com\/ca\/rubau-sadjudica-les-obres-de-remodelacio-de-lestacio-de-bordils-juia-girona__trashed\/\" \/>\n<meta property=\"og:locale\" content=\"ca_ES\" \/>\n<meta property=\"og:type\" content=\"article\" \/>\n<meta property=\"og:title\" content=\"RUBAU S&#039;ADJUDICA LES OBRES DE REMODELACI\u00d3 DE L&#039;ESTACI\u00d3 DE BORDILS-JUI\u00c0 (GIRONA) - Rubau\" \/>\n<meta property=\"og:description\" content=\"ADIF ha confiat a RUBAU les obres de remodelaci\u00f3 de l&#8217;andana de Bordils-Jui\u00e0 a la prov\u00edncia de Girona amb un pressupost de 4,5 milions d&#8217;euros i un termini d&#8217;execuci\u00f3 de 15 mesos. Els treballs consisteixen en la construcci\u00f3 d&#8217;un pas inferior de connexi\u00f3 entre andanes que substitueixi l&#8217;actual creuament a nivell de vies, que \u00e9s [&hellip;]\" \/>\n<meta property=\"og:url\" content=\"https:\/\/www.rubau.com\/ca\/rubau-sadjudica-les-obres-de-remodelacio-de-lestacio-de-bordils-juia-girona__trashed\/\" \/>\n<meta property=\"og:site_name\" content=\"Rubau\" \/>\n<meta property=\"article:published_time\" content=\"2024-10-09T06:50:51+00:00\" \/>\n<meta property=\"article:modified_time\" content=\"2025-07-24T14:26:56+00:00\" \/>\n<meta property=\"og:image\" content=\"https:\/\/www.rubau.com\/wp-content\/uploads\/2024\/10\/DOCUMENTO-1_MEMORIA_V6.jpg\" \/>\n\t<meta property=\"og:image:width\" content=\"1321\" \/>\n\t<meta property=\"og:image:height\" content=\"991\" \/>\n\t<meta property=\"og:image:type\" content=\"image\/jpeg\" \/>\n<meta name=\"twitter:card\" content=\"summary_large_image\" \/>\n<meta name=\"twitter:label1\" content=\"Escrit per\" \/>\n\t<meta name=\"twitter:data1\" content=\"\" \/>\n\t<meta name=\"twitter:label2\" content=\"Temps estimat de lectura\" \/>\n\t<meta name=\"twitter:data2\" content=\"1 minut\" \/>\n<script type=\"application\/ld+json\" class=\"yoast-schema-graph\">{\"@context\":\"https:\/\/schema.org\",\"@graph\":[{\"@type\":\"Article\",\"@id\":\"https:\/\/www.rubau.com\/ca\/rubau-sadjudica-les-obres-de-remodelacio-de-lestacio-de-bordils-juia-girona__trashed\/#article\",\"isPartOf\":{\"@id\":\"https:\/\/www.rubau.com\/ca\/rubau-sadjudica-les-obres-de-remodelacio-de-lestacio-de-bordils-juia-girona__trashed\/\"},\"author\":{\"name\":\"\",\"@id\":\"\"},\"headline\":\"RUBAU S&#8217;ADJUDICA LES OBRES DE REMODELACI\u00d3 DE L&#8217;ESTACI\u00d3 DE BORDILS-JUI\u00c0 (GIRONA)\",\"datePublished\":\"2024-10-09T06:50:51+00:00\",\"dateModified\":\"2025-07-24T14:26:56+00:00\",\"mainEntityOfPage\":{\"@id\":\"https:\/\/www.rubau.com\/ca\/rubau-sadjudica-les-obres-de-remodelacio-de-lestacio-de-bordils-juia-girona__trashed\/\"},\"wordCount\":186,\"publisher\":{\"@id\":\"https:\/\/www.rubau.com\/#organization\"},\"image\":{\"@id\":\"https:\/\/www.rubau.com\/ca\/rubau-sadjudica-les-obres-de-remodelacio-de-lestacio-de-bordils-juia-girona__trashed\/#primaryimage\"},\"thumbnailUrl\":\"https:\/\/www.rubau.com\/wp-content\/uploads\/2024\/10\/DOCUMENTO-1_MEMORIA_V6.jpg\",\"articleSection\":[\"Not\u00edcies\"],\"inLanguage\":\"ca\"},{\"@type\":\"WebPage\",\"@id\":\"https:\/\/www.rubau.com\/ca\/rubau-sadjudica-les-obres-de-remodelacio-de-lestacio-de-bordils-juia-girona__trashed\/\",\"url\":\"https:\/\/www.rubau.com\/ca\/rubau-sadjudica-les-obres-de-remodelacio-de-lestacio-de-bordils-juia-girona__trashed\/\",\"name\":\"RUBAU S'ADJUDICA LES OBRES DE REMODELACI\u00d3 DE L'ESTACI\u00d3 DE BORDILS-JUI\u00c0 (GIRONA) - Rubau\",\"isPartOf\":{\"@id\":\"https:\/\/www.rubau.com\/#website\"},\"primaryImageOfPage\":{\"@id\":\"https:\/\/www.rubau.com\/ca\/rubau-sadjudica-les-obres-de-remodelacio-de-lestacio-de-bordils-juia-girona__trashed\/#primaryimage\"},\"image\":{\"@id\":\"https:\/\/www.rubau.com\/ca\/rubau-sadjudica-les-obres-de-remodelacio-de-lestacio-de-bordils-juia-girona__trashed\/#primaryimage\"},\"thumbnailUrl\":\"https:\/\/www.rubau.com\/wp-content\/uploads\/2024\/10\/DOCUMENTO-1_MEMORIA_V6.jpg\",\"datePublished\":\"2024-10-09T06:50:51+00:00\",\"dateModified\":\"2025-07-24T14:26:56+00:00\",\"breadcrumb\":{\"@id\":\"https:\/\/www.rubau.com\/ca\/rubau-sadjudica-les-obres-de-remodelacio-de-lestacio-de-bordils-juia-girona__trashed\/#breadcrumb\"},\"inLanguage\":\"ca\",\"potentialAction\":[{\"@type\":\"ReadAction\",\"target\":[\"https:\/\/www.rubau.com\/ca\/rubau-sadjudica-les-obres-de-remodelacio-de-lestacio-de-bordils-juia-girona__trashed\/\"]}]},{\"@type\":\"ImageObject\",\"inLanguage\":\"ca\",\"@id\":\"https:\/\/www.rubau.com\/ca\/rubau-sadjudica-les-obres-de-remodelacio-de-lestacio-de-bordils-juia-girona__trashed\/#primaryimage\",\"url\":\"https:\/\/www.rubau.com\/wp-content\/uploads\/2024\/10\/DOCUMENTO-1_MEMORIA_V6.jpg\",\"contentUrl\":\"https:\/\/www.rubau.com\/wp-content\/uploads\/2024\/10\/DOCUMENTO-1_MEMORIA_V6.jpg\",\"width\":1321,\"height\":991},{\"@type\":\"BreadcrumbList\",\"@id\":\"https:\/\/www.rubau.com\/ca\/rubau-sadjudica-les-obres-de-remodelacio-de-lestacio-de-bordils-juia-girona__trashed\/#breadcrumb\",\"itemListElement\":[{\"@type\":\"ListItem\",\"position\":1,\"name\":\"Portada\",\"item\":\"https:\/\/www.rubau.com\/\"},{\"@type\":\"ListItem\",\"position\":2,\"name\":\"RUBAU S&#8217;ADJUDICA LES OBRES DE REMODELACI\u00d3 DE L&#8217;ESTACI\u00d3 DE BORDILS-JUI\u00c0 (GIRONA)\"}]},{\"@type\":\"WebSite\",\"@id\":\"https:\/\/www.rubau.com\/#website\",\"url\":\"https:\/\/www.rubau.com\/\",\"name\":\"Rubau\",\"description\":\"Construccions RUBAU\",\"publisher\":{\"@id\":\"https:\/\/www.rubau.com\/#organization\"},\"potentialAction\":[{\"@type\":\"SearchAction\",\"target\":{\"@type\":\"EntryPoint\",\"urlTemplate\":\"https:\/\/www.rubau.com\/?s={search_term_string}\"},\"query-input\":{\"@type\":\"PropertyValueSpecification\",\"valueRequired\":true,\"valueName\":\"search_term_string\"}}],\"inLanguage\":\"ca\"},{\"@type\":\"Organization\",\"@id\":\"https:\/\/www.rubau.com\/#organization\",\"name\":\"Rubau\",\"url\":\"https:\/\/www.rubau.com\/\",\"logo\":{\"@type\":\"ImageObject\",\"inLanguage\":\"ca\",\"@id\":\"https:\/\/www.rubau.com\/#\/schema\/logo\/image\/\",\"url\":\"https:\/\/www.rubau.com\/wp-content\/uploads\/2024\/10\/Logo-CONSTRUCCIONS-RUBAU-ES1.png\",\"contentUrl\":\"https:\/\/www.rubau.com\/wp-content\/uploads\/2024\/10\/Logo-CONSTRUCCIONS-RUBAU-ES1.png\",\"width\":1010,\"height\":200,\"caption\":\"Rubau\"},\"image\":{\"@id\":\"https:\/\/www.rubau.com\/#\/schema\/logo\/image\/\"},\"sameAs\":[\"https:\/\/www.instagram.com\/construcciones_rubau\/\",\"https:\/\/www.linkedin.com\/company\/construcciones-rubau-s.a.\"]},{\"@type\":\"Person\",\"@id\":\"\",\"url\":\"https:\/\/www.rubau.com\/ca\/author\/\"}]}<\/script>\n<!-- \/ Yoast SEO plugin. -->","yoast_head_json":{"title":"RUBAU S'ADJUDICA LES OBRES DE REMODELACI\u00d3 DE L'ESTACI\u00d3 DE BORDILS-JUI\u00c0 (GIRONA) - Rubau","robots":{"index":"index","follow":"follow","max-snippet":"max-snippet:-1","max-image-preview":"max-image-preview:large","max-video-preview":"max-video-preview:-1"},"canonical":"https:\/\/www.rubau.com\/ca\/rubau-sadjudica-les-obres-de-remodelacio-de-lestacio-de-bordils-juia-girona__trashed\/","og_locale":"ca_ES","og_type":"article","og_title":"RUBAU S'ADJUDICA LES OBRES DE REMODELACI\u00d3 DE L'ESTACI\u00d3 DE BORDILS-JUI\u00c0 (GIRONA) - Rubau","og_description":"ADIF ha confiat a RUBAU les obres de remodelaci\u00f3 de l&#8217;andana de Bordils-Jui\u00e0 a la prov\u00edncia de Girona amb un pressupost de 4,5 milions d&#8217;euros i un termini d&#8217;execuci\u00f3 de 15 mesos. Els treballs consisteixen en la construcci\u00f3 d&#8217;un pas inferior de connexi\u00f3 entre andanes que substitueixi l&#8217;actual creuament a nivell de vies, que \u00e9s [&hellip;]","og_url":"https:\/\/www.rubau.com\/ca\/rubau-sadjudica-les-obres-de-remodelacio-de-lestacio-de-bordils-juia-girona__trashed\/","og_site_name":"Rubau","article_published_time":"2024-10-09T06:50:51+00:00","article_modified_time":"2025-07-24T14:26:56+00:00","og_image":[{"width":1321,"height":991,"url":"https:\/\/www.rubau.com\/wp-content\/uploads\/2024\/10\/DOCUMENTO-1_MEMORIA_V6.jpg","type":"image\/jpeg"}],"twitter_card":"summary_large_image","twitter_misc":{"Escrit per":"","Temps estimat de lectura":"1 minut"},"schema":{"@context":"https:\/\/schema.org","@graph":[{"@type":"Article","@id":"https:\/\/www.rubau.com\/ca\/rubau-sadjudica-les-obres-de-remodelacio-de-lestacio-de-bordils-juia-girona__trashed\/#article","isPartOf":{"@id":"https:\/\/www.rubau.com\/ca\/rubau-sadjudica-les-obres-de-remodelacio-de-lestacio-de-bordils-juia-girona__trashed\/"},"author":{"name":"","@id":""},"headline":"RUBAU S&#8217;ADJUDICA LES OBRES DE REMODELACI\u00d3 DE L&#8217;ESTACI\u00d3 DE BORDILS-JUI\u00c0 (GIRONA)","datePublished":"2024-10-09T06:50:51+00:00","dateModified":"2025-07-24T14:26:56+00:00","mainEntityOfPage":{"@id":"https:\/\/www.rubau.com\/ca\/rubau-sadjudica-les-obres-de-remodelacio-de-lestacio-de-bordils-juia-girona__trashed\/"},"wordCount":186,"publisher":{"@id":"https:\/\/www.rubau.com\/#organization"},"image":{"@id":"https:\/\/www.rubau.com\/ca\/rubau-sadjudica-les-obres-de-remodelacio-de-lestacio-de-bordils-juia-girona__trashed\/#primaryimage"},"thumbnailUrl":"https:\/\/www.rubau.com\/wp-content\/uploads\/2024\/10\/DOCUMENTO-1_MEMORIA_V6.jpg","articleSection":["Not\u00edcies"],"inLanguage":"ca"},{"@type":"WebPage","@id":"https:\/\/www.rubau.com\/ca\/rubau-sadjudica-les-obres-de-remodelacio-de-lestacio-de-bordils-juia-girona__trashed\/","url":"https:\/\/www.rubau.com\/ca\/rubau-sadjudica-les-obres-de-remodelacio-de-lestacio-de-bordils-juia-girona__trashed\/","name":"RUBAU S'ADJUDICA LES OBRES DE REMODELACI\u00d3 DE L'ESTACI\u00d3 DE BORDILS-JUI\u00c0 (GIRONA) - Rubau","isPartOf":{"@id":"https:\/\/www.rubau.com\/#website"},"primaryImageOfPage":{"@id":"https:\/\/www.rubau.com\/ca\/rubau-sadjudica-les-obres-de-remodelacio-de-lestacio-de-bordils-juia-girona__trashed\/#primaryimage"},"image":{"@id":"https:\/\/www.rubau.com\/ca\/rubau-sadjudica-les-obres-de-remodelacio-de-lestacio-de-bordils-juia-girona__trashed\/#primaryimage"},"thumbnailUrl":"https:\/\/www.rubau.com\/wp-content\/uploads\/2024\/10\/DOCUMENTO-1_MEMORIA_V6.jpg","datePublished":"2024-10-09T06:50:51+00:00","dateModified":"2025-07-24T14:26:56+00:00","breadcrumb":{"@id":"https:\/\/www.rubau.com\/ca\/rubau-sadjudica-les-obres-de-remodelacio-de-lestacio-de-bordils-juia-girona__trashed\/#breadcrumb"},"inLanguage":"ca","potentialAction":[{"@type":"ReadAction","target":["https:\/\/www.rubau.com\/ca\/rubau-sadjudica-les-obres-de-remodelacio-de-lestacio-de-bordils-juia-girona__trashed\/"]}]},{"@type":"ImageObject","inLanguage":"ca","@id":"https:\/\/www.rubau.com\/ca\/rubau-sadjudica-les-obres-de-remodelacio-de-lestacio-de-bordils-juia-girona__trashed\/#primaryimage","url":"https:\/\/www.rubau.com\/wp-content\/uploads\/2024\/10\/DOCUMENTO-1_MEMORIA_V6.jpg","contentUrl":"https:\/\/www.rubau.com\/wp-content\/uploads\/2024\/10\/DOCUMENTO-1_MEMORIA_V6.jpg","width":1321,"height":991},{"@type":"BreadcrumbList","@id":"https:\/\/www.rubau.com\/ca\/rubau-sadjudica-les-obres-de-remodelacio-de-lestacio-de-bordils-juia-girona__trashed\/#breadcrumb","itemListElement":[{"@type":"ListItem","position":1,"name":"Portada","item":"https:\/\/www.rubau.com\/"},{"@type":"ListItem","position":2,"name":"RUBAU S&#8217;ADJUDICA LES OBRES DE REMODELACI\u00d3 DE L&#8217;ESTACI\u00d3 DE BORDILS-JUI\u00c0 (GIRONA)"}]},{"@type":"WebSite","@id":"https:\/\/www.rubau.com\/#website","url":"https:\/\/www.rubau.com\/","name":"Rubau","description":"Construccions RUBAU","publisher":{"@id":"https:\/\/www.rubau.com\/#organization"},"potentialAction":[{"@type":"SearchAction","target":{"@type":"EntryPoint","urlTemplate":"https:\/\/www.rubau.com\/?s={search_term_string}"},"query-input":{"@type":"PropertyValueSpecification","valueRequired":true,"valueName":"search_term_string"}}],"inLanguage":"ca"},{"@type":"Organization","@id":"https:\/\/www.rubau.com\/#organization","name":"Rubau","url":"https:\/\/www.rubau.com\/","logo":{"@type":"ImageObject","inLanguage":"ca","@id":"https:\/\/www.rubau.com\/#\/schema\/logo\/image\/","url":"https:\/\/www.rubau.com\/wp-content\/uploads\/2024\/10\/Logo-CONSTRUCCIONS-RUBAU-ES1.png","contentUrl":"https:\/\/www.rubau.com\/wp-content\/uploads\/2024\/10\/Logo-CONSTRUCCIONS-RUBAU-ES1.png","width":1010,"height":200,"caption":"Rubau"},"image":{"@id":"https:\/\/www.rubau.com\/#\/schema\/logo\/image\/"},"sameAs":["https:\/\/www.instagram.com\/construcciones_rubau\/","https:\/\/www.linkedin.com\/company\/construcciones-rubau-s.a."]},{"@type":"Person","@id":"","url":"https:\/\/www.rubau.com\/ca\/author\/"}]}},"_links":{"self":[{"href":"https:\/\/www.rubau.com\/ca\/wp-json\/wp\/v2\/posts\/5106","targetHints":{"allow":["GET"]}}],"collection":[{"href":"https:\/\/www.rubau.com\/ca\/wp-json\/wp\/v2\/posts"}],"about":[{"href":"https:\/\/www.rubau.com\/ca\/wp-json\/wp\/v2\/types\/post"}],"author":[{"embeddable":true,"href":"https:\/\/www.rubau.com\/ca\/wp-json\/wp\/v2\/users\/2"}],"replies":[{"embeddable":true,"href":"https:\/\/www.rubau.com\/ca\/wp-json\/wp\/v2\/comments?post=5106"}],"version-history":[{"count":0,"href":"https:\/\/www.rubau.com\/ca\/wp-json\/wp\/v2\/posts\/5106\/revisions"}],"wp:featuredmedia":[{"embeddable":true,"href":"https:\/\/www.rubau.com\/ca\/wp-json\/wp\/v2\/media\/5101"}],"wp:attachment":[{"href":"https:\/\/www.rubau.com\/ca\/wp-json\/wp\/v2\/media?parent=5106"}],"wp:term":[{"taxonomy":"category","embeddable":true,"href":"https:\/\/www.rubau.com\/ca\/wp-json\/wp\/v2\/categories?post=5106"},{"taxonomy":"post_tag","embeddable":true,"href":"https:\/\/www.rubau.com\/ca\/wp-json\/wp\/v2\/tags?post=5106"}],"curies":[{"name":"wp","href":"https:\/\/api.w.org\/{rel}","templated":true}]}}