{"id":5343,"date":"2025-02-12T18:13:18","date_gmt":"2025-02-12T17:13:18","guid":{"rendered":"https:\/\/www.rubau.com\/?p=5343"},"modified":"2025-10-24T17:40:32","modified_gmt":"2025-10-24T15:40:32","slug":"estalvi-daigua-a-aridcal-davant-lestat-de-sequera-a-catalunya","status":"publish","type":"post","link":"https:\/\/www.rubau.com\/ca\/estalvi-daigua-a-aridcal-davant-lestat-de-sequera-a-catalunya\/","title":{"rendered":"ESTALVI D\u2019AIGUA A ARIDCAL DAVANT L\u2019ESTAT DE SEQUERA A CATALUNYA"},"content":{"rendered":"<p>L&#8217;estat de sequera que afecta Catalunya planteja reptes significatius per a les ind\u00fastries i les comunitats, exigint un enfocament responsable i sostenible en l&#8217;\u00fas dels recursos h\u00eddrics. A Aridcal S.A., com a empresa minera dedicada a la producci\u00f3 d&#8217;\u00e0rids per a la construcci\u00f3, som plenament conscients de la nostra responsabilitat en aquest context i hem adoptat mesures concretes per minimitzar el consum d&#8217;aigua en les nostres operacions, garantint al mateix temps la protecci\u00f3 del medi ambient.<\/p>\n<p><strong>\u00das de l&#8217;aigua en les nostres operacions<\/strong><\/p>\n<p>L&#8217;aigua \u00e9s un recurs essencial en les nostres activitats, emprada principalment en tres \u00e0rees clau:<\/p>\n<ol>\n<li><strong>Reg de camins:<\/strong> Per evitar l&#8217;emissi\u00f3 de pols a l&#8217;atmosfera i garantir condicions segures a les nostres instal\u00b7lacions.<\/li>\n<li><strong>Reg d&#8217;arbres en \u00e0rees restaurades:<\/strong> Com a part del nostre comprom\u00eds amb la rehabilitaci\u00f3 ambiental dels terrenys afectats.<\/li>\n<li><strong>Reg en el sistema productiu:<\/strong> Per controlar la pols generada durant els processos de producci\u00f3 d&#8217;\u00e0rids.<\/li>\n<\/ol>\n<p><strong>Concessi\u00f3 h\u00eddrica autoritzada i consum real<\/strong><\/p>\n<p>Aridcal compta amb una concessi\u00f3 h\u00eddrica autoritzada de 27.600 m\u00b3 anuals, un volum que ens permet operar de manera eficient i sostenible. No obstant aix\u00f2, conscients de la import\u00e0ncia de reduir el nostre impacte ambiental, hem treballat intensament per disminuir el nostre consum real d&#8217;aigua, aconseguint resultats notables en els darrers anys:<\/p>\n<ul>\n<li><strong>Any 2023:<\/strong> Consum de 13.650 m\u00b3, que representa un 50% del volum autoritzat.<\/li>\n<li><strong>Any 2024:<\/strong> Reducci\u00f3 significativa a 8.294 m\u00b3, equivalent a nom\u00e9s un 39% del volum m\u00e0xim perm\u00e8s.<\/li>\n<\/ul>\n<p><a href=\"https:\/\/www.rubau.com\/wp-content\/uploads\/2025\/02\/Imagen3.png\" data-rel=\"lightbox-image-0\" data-rl_title=\"\" data-rl_caption=\"\" title=\"\"><img loading=\"lazy\" decoding=\"async\" class=\"aligncenter size-medium wp-image-5335\" src=\"https:\/\/www.rubau.com\/wp-content\/uploads\/2025\/02\/Imagen3-300x180.png\" alt=\"\" width=\"300\" height=\"180\" \/><\/a><\/p>\n<p>Aquestes xifres reflecteixen el nostre comprom\u00eds amb l&#8217;optimitzaci\u00f3 de l&#8217;\u00fas de l&#8217;aigua i la nostra capacitat per adaptar-nos a les exig\u00e8ncies de sostenibilitat.<\/p>\n<p><strong>Mesures implementades per a l&#8217;estalvi d&#8217;aigua<\/strong><\/p>\n<p>El descens notable en el nostre consum d&#8217;aigua no \u00e9s fruit de l&#8217;atzar, sin\u00f3 de l&#8217;esfor\u00e7 continu per implementar pr\u00e0ctiques m\u00e9s eficients. Entre les mesures adoptades destaquen:<\/p>\n<ul>\n<li>\u00das de sistemes de reg optimitzats.<\/li>\n<li>Monitoratge constant del consum: Seguiment detallat de l&#8217;\u00fas de l&#8217;aigua a les nostres instal\u00b7lacions, que ens permet detectar i corregir possibles fuites o inefici\u00e8ncies.<\/li>\n<li>Reutilitzaci\u00f3 de l&#8217;aigua: Sempre que \u00e9s possible, utilitzem l&#8217;aigua de pluja del nostre decantador per maximitzar la reutilitzaci\u00f3 d&#8217;aquest recurs.<\/li>\n<li>Sensibilitzaci\u00f3 i formaci\u00f3 del personal: Fomentem una cultura empresarial orientada a la sostenibilitat.<\/li>\n<\/ul>\n<p><strong>Comprom\u00eds amb el medi ambient<\/strong><\/p>\n<p>A Aridcal S.A., entenem que la gesti\u00f3 eficient de l&#8217;aigua \u00e9s clau per mitigar l&#8217;impacte ambiental de la nostra activitat i contribuir al benestar de les comunitats en qu\u00e8 operem. El nostre objectiu \u00e9s continuar avan\u00e7ant en aquesta direcci\u00f3, demostrant que \u00e9s possible combinar la productivitat industrial amb el respecte pel medi natural.<\/p>\n<p>En el context actual de sequera, reafirmem el nostre comprom\u00eds amb la sostenibilitat i la recerca de solucions innovadores per garantir un \u00fas responsable de l&#8217;aigua, no nom\u00e9s com una necessitat operativa, sin\u00f3 com una obligaci\u00f3 \u00e8tica cap al medi ambient i les generacions futures.<\/p>\n<p>&nbsp;<\/p>\n","protected":false},"excerpt":{"rendered":"<p>L&#8217;estat de sequera que afecta Catalunya planteja reptes significatius per a les ind\u00fastries i les comunitats, exigint un enfocament responsable i sostenible en l&#8217;\u00fas dels recursos h\u00eddrics. A Aridcal S.A., com a empresa minera dedicada a la producci\u00f3 d&#8217;\u00e0rids per a la construcci\u00f3, som plenament conscients de la nostra responsabilitat en aquest context i hem [&hellip;]<\/p>\n","protected":false},"author":1,"featured_media":10978,"comment_status":"closed","ping_status":"open","sticky":false,"template":"","format":"standard","meta":{"_acf_changed":false,"footnotes":""},"categories":[6],"tags":[],"class_list":["post-5343","post","type-post","status-publish","format-standard","has-post-thumbnail","hentry","category-noticies"],"acf":[],"yoast_head":"<!-- This site is optimized with the Yoast SEO plugin v26.5 - https:\/\/yoast.com\/wordpress\/plugins\/seo\/ -->\n<title>ESTALVI D\u2019AIGUA A ARIDCAL DAVANT L\u2019ESTAT DE SEQUERA A CATALUNYA - Rubau<\/title>\n<meta name=\"robots\" content=\"index, follow, max-snippet:-1, max-image-preview:large, max-video-preview:-1\" \/>\n<link rel=\"canonical\" href=\"https:\/\/www.rubau.com\/ca\/estalvi-daigua-a-aridcal-davant-lestat-de-sequera-a-catalunya\/\" \/>\n<meta property=\"og:locale\" content=\"ca_ES\" \/>\n<meta property=\"og:type\" content=\"article\" \/>\n<meta property=\"og:title\" content=\"ESTALVI D\u2019AIGUA A ARIDCAL DAVANT L\u2019ESTAT DE SEQUERA A CATALUNYA - Rubau\" \/>\n<meta property=\"og:description\" content=\"L&#8217;estat de sequera que afecta Catalunya planteja reptes significatius per a les ind\u00fastries i les comunitats, exigint un enfocament responsable i sostenible en l&#8217;\u00fas dels recursos h\u00eddrics. A Aridcal S.A., com a empresa minera dedicada a la producci\u00f3 d&#8217;\u00e0rids per a la construcci\u00f3, som plenament conscients de la nostra responsabilitat en aquest context i hem [&hellip;]\" \/>\n<meta property=\"og:url\" content=\"https:\/\/www.rubau.com\/ca\/estalvi-daigua-a-aridcal-davant-lestat-de-sequera-a-catalunya\/\" \/>\n<meta property=\"og:site_name\" content=\"Rubau\" \/>\n<meta property=\"article:published_time\" content=\"2025-02-12T17:13:18+00:00\" \/>\n<meta property=\"article:modified_time\" content=\"2025-10-24T15:40:32+00:00\" \/>\n<meta property=\"og:image\" content=\"https:\/\/www.rubau.com\/wp-content\/uploads\/2025\/10\/aridcal-agua.webp\" \/>\n\t<meta property=\"og:image:width\" content=\"1000\" \/>\n\t<meta property=\"og:image:height\" content=\"1000\" \/>\n\t<meta property=\"og:image:type\" content=\"image\/webp\" \/>\n<meta name=\"author\" content=\"789maysFi6IJ5pk\" \/>\n<meta name=\"twitter:card\" content=\"summary_large_image\" \/>\n<meta name=\"twitter:label1\" content=\"Escrit per\" \/>\n\t<meta name=\"twitter:data1\" content=\"789maysFi6IJ5pk\" \/>\n\t<meta name=\"twitter:label2\" content=\"Temps estimat de lectura\" \/>\n\t<meta name=\"twitter:data2\" content=\"2 minuts\" \/>\n<script type=\"application\/ld+json\" class=\"yoast-schema-graph\">{\"@context\":\"https:\/\/schema.org\",\"@graph\":[{\"@type\":\"Article\",\"@id\":\"https:\/\/www.rubau.com\/ca\/estalvi-daigua-a-aridcal-davant-lestat-de-sequera-a-catalunya\/#article\",\"isPartOf\":{\"@id\":\"https:\/\/www.rubau.com\/ca\/estalvi-daigua-a-aridcal-davant-lestat-de-sequera-a-catalunya\/\"},\"author\":{\"name\":\"789maysFi6IJ5pk\",\"@id\":\"https:\/\/www.rubau.com\/#\/schema\/person\/e3264a55ec7aa20d1e8892d6bdfdf9ec\"},\"headline\":\"ESTALVI D\u2019AIGUA A ARIDCAL DAVANT L\u2019ESTAT DE SEQUERA A CATALUNYA\",\"datePublished\":\"2025-02-12T17:13:18+00:00\",\"dateModified\":\"2025-10-24T15:40:32+00:00\",\"mainEntityOfPage\":{\"@id\":\"https:\/\/www.rubau.com\/ca\/estalvi-daigua-a-aridcal-davant-lestat-de-sequera-a-catalunya\/\"},\"wordCount\":514,\"publisher\":{\"@id\":\"https:\/\/www.rubau.com\/#organization\"},\"image\":{\"@id\":\"https:\/\/www.rubau.com\/ca\/estalvi-daigua-a-aridcal-davant-lestat-de-sequera-a-catalunya\/#primaryimage\"},\"thumbnailUrl\":\"https:\/\/www.rubau.com\/wp-content\/uploads\/2025\/10\/aridcal-agua.webp\",\"articleSection\":[\"Not\u00edcies\"],\"inLanguage\":\"ca\"},{\"@type\":\"WebPage\",\"@id\":\"https:\/\/www.rubau.com\/ca\/estalvi-daigua-a-aridcal-davant-lestat-de-sequera-a-catalunya\/\",\"url\":\"https:\/\/www.rubau.com\/ca\/estalvi-daigua-a-aridcal-davant-lestat-de-sequera-a-catalunya\/\",\"name\":\"ESTALVI D\u2019AIGUA A ARIDCAL DAVANT L\u2019ESTAT DE SEQUERA A CATALUNYA - Rubau\",\"isPartOf\":{\"@id\":\"https:\/\/www.rubau.com\/#website\"},\"primaryImageOfPage\":{\"@id\":\"https:\/\/www.rubau.com\/ca\/estalvi-daigua-a-aridcal-davant-lestat-de-sequera-a-catalunya\/#primaryimage\"},\"image\":{\"@id\":\"https:\/\/www.rubau.com\/ca\/estalvi-daigua-a-aridcal-davant-lestat-de-sequera-a-catalunya\/#primaryimage\"},\"thumbnailUrl\":\"https:\/\/www.rubau.com\/wp-content\/uploads\/2025\/10\/aridcal-agua.webp\",\"datePublished\":\"2025-02-12T17:13:18+00:00\",\"dateModified\":\"2025-10-24T15:40:32+00:00\",\"breadcrumb\":{\"@id\":\"https:\/\/www.rubau.com\/ca\/estalvi-daigua-a-aridcal-davant-lestat-de-sequera-a-catalunya\/#breadcrumb\"},\"inLanguage\":\"ca\",\"potentialAction\":[{\"@type\":\"ReadAction\",\"target\":[\"https:\/\/www.rubau.com\/ca\/estalvi-daigua-a-aridcal-davant-lestat-de-sequera-a-catalunya\/\"]}]},{\"@type\":\"ImageObject\",\"inLanguage\":\"ca\",\"@id\":\"https:\/\/www.rubau.com\/ca\/estalvi-daigua-a-aridcal-davant-lestat-de-sequera-a-catalunya\/#primaryimage\",\"url\":\"https:\/\/www.rubau.com\/wp-content\/uploads\/2025\/10\/aridcal-agua.webp\",\"contentUrl\":\"https:\/\/www.rubau.com\/wp-content\/uploads\/2025\/10\/aridcal-agua.webp\",\"width\":1000,\"height\":1000},{\"@type\":\"BreadcrumbList\",\"@id\":\"https:\/\/www.rubau.com\/ca\/estalvi-daigua-a-aridcal-davant-lestat-de-sequera-a-catalunya\/#breadcrumb\",\"itemListElement\":[{\"@type\":\"ListItem\",\"position\":1,\"name\":\"Portada\",\"item\":\"https:\/\/www.rubau.com\/\"},{\"@type\":\"ListItem\",\"position\":2,\"name\":\"ESTALVI D\u2019AIGUA A ARIDCAL DAVANT L\u2019ESTAT DE SEQUERA A CATALUNYA\"}]},{\"@type\":\"WebSite\",\"@id\":\"https:\/\/www.rubau.com\/#website\",\"url\":\"https:\/\/www.rubau.com\/\",\"name\":\"Rubau\",\"description\":\"Construccions RUBAU\",\"publisher\":{\"@id\":\"https:\/\/www.rubau.com\/#organization\"},\"potentialAction\":[{\"@type\":\"SearchAction\",\"target\":{\"@type\":\"EntryPoint\",\"urlTemplate\":\"https:\/\/www.rubau.com\/?s={search_term_string}\"},\"query-input\":{\"@type\":\"PropertyValueSpecification\",\"valueRequired\":true,\"valueName\":\"search_term_string\"}}],\"inLanguage\":\"ca\"},{\"@type\":\"Organization\",\"@id\":\"https:\/\/www.rubau.com\/#organization\",\"name\":\"Rubau\",\"url\":\"https:\/\/www.rubau.com\/\",\"logo\":{\"@type\":\"ImageObject\",\"inLanguage\":\"ca\",\"@id\":\"https:\/\/www.rubau.com\/#\/schema\/logo\/image\/\",\"url\":\"https:\/\/www.rubau.com\/wp-content\/uploads\/2024\/10\/Logo-CONSTRUCCIONS-RUBAU-ES1.png\",\"contentUrl\":\"https:\/\/www.rubau.com\/wp-content\/uploads\/2024\/10\/Logo-CONSTRUCCIONS-RUBAU-ES1.png\",\"width\":1010,\"height\":200,\"caption\":\"Rubau\"},\"image\":{\"@id\":\"https:\/\/www.rubau.com\/#\/schema\/logo\/image\/\"},\"sameAs\":[\"https:\/\/www.instagram.com\/construcciones_rubau\/\",\"https:\/\/www.linkedin.com\/company\/construcciones-rubau-s.a.\"]},{\"@type\":\"Person\",\"@id\":\"https:\/\/www.rubau.com\/#\/schema\/person\/e3264a55ec7aa20d1e8892d6bdfdf9ec\",\"name\":\"789maysFi6IJ5pk\",\"image\":{\"@type\":\"ImageObject\",\"inLanguage\":\"ca\",\"@id\":\"https:\/\/www.rubau.com\/#\/schema\/person\/image\/\",\"url\":\"https:\/\/secure.gravatar.com\/avatar\/5209968e1586048c9fb84b6d730047ebc5622fca755af8dac8aeacbdbcb85cb0?s=96&d=mm&r=g\",\"contentUrl\":\"https:\/\/secure.gravatar.com\/avatar\/5209968e1586048c9fb84b6d730047ebc5622fca755af8dac8aeacbdbcb85cb0?s=96&d=mm&r=g\",\"caption\":\"789maysFi6IJ5pk\"},\"url\":\"https:\/\/www.rubau.com\/ca\/author\/789maysfi6ij5pk\/\"}]}<\/script>\n<!-- \/ Yoast SEO plugin. -->","yoast_head_json":{"title":"ESTALVI D\u2019AIGUA A ARIDCAL DAVANT L\u2019ESTAT DE SEQUERA A CATALUNYA - Rubau","robots":{"index":"index","follow":"follow","max-snippet":"max-snippet:-1","max-image-preview":"max-image-preview:large","max-video-preview":"max-video-preview:-1"},"canonical":"https:\/\/www.rubau.com\/ca\/estalvi-daigua-a-aridcal-davant-lestat-de-sequera-a-catalunya\/","og_locale":"ca_ES","og_type":"article","og_title":"ESTALVI D\u2019AIGUA A ARIDCAL DAVANT L\u2019ESTAT DE SEQUERA A CATALUNYA - Rubau","og_description":"L&#8217;estat de sequera que afecta Catalunya planteja reptes significatius per a les ind\u00fastries i les comunitats, exigint un enfocament responsable i sostenible en l&#8217;\u00fas dels recursos h\u00eddrics. A Aridcal S.A., com a empresa minera dedicada a la producci\u00f3 d&#8217;\u00e0rids per a la construcci\u00f3, som plenament conscients de la nostra responsabilitat en aquest context i hem [&hellip;]","og_url":"https:\/\/www.rubau.com\/ca\/estalvi-daigua-a-aridcal-davant-lestat-de-sequera-a-catalunya\/","og_site_name":"Rubau","article_published_time":"2025-02-12T17:13:18+00:00","article_modified_time":"2025-10-24T15:40:32+00:00","og_image":[{"width":1000,"height":1000,"url":"https:\/\/www.rubau.com\/wp-content\/uploads\/2025\/10\/aridcal-agua.webp","type":"image\/webp"}],"author":"789maysFi6IJ5pk","twitter_card":"summary_large_image","twitter_misc":{"Escrit per":"789maysFi6IJ5pk","Temps estimat de lectura":"2 minuts"},"schema":{"@context":"https:\/\/schema.org","@graph":[{"@type":"Article","@id":"https:\/\/www.rubau.com\/ca\/estalvi-daigua-a-aridcal-davant-lestat-de-sequera-a-catalunya\/#article","isPartOf":{"@id":"https:\/\/www.rubau.com\/ca\/estalvi-daigua-a-aridcal-davant-lestat-de-sequera-a-catalunya\/"},"author":{"name":"789maysFi6IJ5pk","@id":"https:\/\/www.rubau.com\/#\/schema\/person\/e3264a55ec7aa20d1e8892d6bdfdf9ec"},"headline":"ESTALVI D\u2019AIGUA A ARIDCAL DAVANT L\u2019ESTAT DE SEQUERA A CATALUNYA","datePublished":"2025-02-12T17:13:18+00:00","dateModified":"2025-10-24T15:40:32+00:00","mainEntityOfPage":{"@id":"https:\/\/www.rubau.com\/ca\/estalvi-daigua-a-aridcal-davant-lestat-de-sequera-a-catalunya\/"},"wordCount":514,"publisher":{"@id":"https:\/\/www.rubau.com\/#organization"},"image":{"@id":"https:\/\/www.rubau.com\/ca\/estalvi-daigua-a-aridcal-davant-lestat-de-sequera-a-catalunya\/#primaryimage"},"thumbnailUrl":"https:\/\/www.rubau.com\/wp-content\/uploads\/2025\/10\/aridcal-agua.webp","articleSection":["Not\u00edcies"],"inLanguage":"ca"},{"@type":"WebPage","@id":"https:\/\/www.rubau.com\/ca\/estalvi-daigua-a-aridcal-davant-lestat-de-sequera-a-catalunya\/","url":"https:\/\/www.rubau.com\/ca\/estalvi-daigua-a-aridcal-davant-lestat-de-sequera-a-catalunya\/","name":"ESTALVI D\u2019AIGUA A ARIDCAL DAVANT L\u2019ESTAT DE SEQUERA A CATALUNYA - Rubau","isPartOf":{"@id":"https:\/\/www.rubau.com\/#website"},"primaryImageOfPage":{"@id":"https:\/\/www.rubau.com\/ca\/estalvi-daigua-a-aridcal-davant-lestat-de-sequera-a-catalunya\/#primaryimage"},"image":{"@id":"https:\/\/www.rubau.com\/ca\/estalvi-daigua-a-aridcal-davant-lestat-de-sequera-a-catalunya\/#primaryimage"},"thumbnailUrl":"https:\/\/www.rubau.com\/wp-content\/uploads\/2025\/10\/aridcal-agua.webp","datePublished":"2025-02-12T17:13:18+00:00","dateModified":"2025-10-24T15:40:32+00:00","breadcrumb":{"@id":"https:\/\/www.rubau.com\/ca\/estalvi-daigua-a-aridcal-davant-lestat-de-sequera-a-catalunya\/#breadcrumb"},"inLanguage":"ca","potentialAction":[{"@type":"ReadAction","target":["https:\/\/www.rubau.com\/ca\/estalvi-daigua-a-aridcal-davant-lestat-de-sequera-a-catalunya\/"]}]},{"@type":"ImageObject","inLanguage":"ca","@id":"https:\/\/www.rubau.com\/ca\/estalvi-daigua-a-aridcal-davant-lestat-de-sequera-a-catalunya\/#primaryimage","url":"https:\/\/www.rubau.com\/wp-content\/uploads\/2025\/10\/aridcal-agua.webp","contentUrl":"https:\/\/www.rubau.com\/wp-content\/uploads\/2025\/10\/aridcal-agua.webp","width":1000,"height":1000},{"@type":"BreadcrumbList","@id":"https:\/\/www.rubau.com\/ca\/estalvi-daigua-a-aridcal-davant-lestat-de-sequera-a-catalunya\/#breadcrumb","itemListElement":[{"@type":"ListItem","position":1,"name":"Portada","item":"https:\/\/www.rubau.com\/"},{"@type":"ListItem","position":2,"name":"ESTALVI D\u2019AIGUA A ARIDCAL DAVANT L\u2019ESTAT DE SEQUERA A CATALUNYA"}]},{"@type":"WebSite","@id":"https:\/\/www.rubau.com\/#website","url":"https:\/\/www.rubau.com\/","name":"Rubau","description":"Construccions RUBAU","publisher":{"@id":"https:\/\/www.rubau.com\/#organization"},"potentialAction":[{"@type":"SearchAction","target":{"@type":"EntryPoint","urlTemplate":"https:\/\/www.rubau.com\/?s={search_term_string}"},"query-input":{"@type":"PropertyValueSpecification","valueRequired":true,"valueName":"search_term_string"}}],"inLanguage":"ca"},{"@type":"Organization","@id":"https:\/\/www.rubau.com\/#organization","name":"Rubau","url":"https:\/\/www.rubau.com\/","logo":{"@type":"ImageObject","inLanguage":"ca","@id":"https:\/\/www.rubau.com\/#\/schema\/logo\/image\/","url":"https:\/\/www.rubau.com\/wp-content\/uploads\/2024\/10\/Logo-CONSTRUCCIONS-RUBAU-ES1.png","contentUrl":"https:\/\/www.rubau.com\/wp-content\/uploads\/2024\/10\/Logo-CONSTRUCCIONS-RUBAU-ES1.png","width":1010,"height":200,"caption":"Rubau"},"image":{"@id":"https:\/\/www.rubau.com\/#\/schema\/logo\/image\/"},"sameAs":["https:\/\/www.instagram.com\/construcciones_rubau\/","https:\/\/www.linkedin.com\/company\/construcciones-rubau-s.a."]},{"@type":"Person","@id":"https:\/\/www.rubau.com\/#\/schema\/person\/e3264a55ec7aa20d1e8892d6bdfdf9ec","name":"789maysFi6IJ5pk","image":{"@type":"ImageObject","inLanguage":"ca","@id":"https:\/\/www.rubau.com\/#\/schema\/person\/image\/","url":"https:\/\/secure.gravatar.com\/avatar\/5209968e1586048c9fb84b6d730047ebc5622fca755af8dac8aeacbdbcb85cb0?s=96&d=mm&r=g","contentUrl":"https:\/\/secure.gravatar.com\/avatar\/5209968e1586048c9fb84b6d730047ebc5622fca755af8dac8aeacbdbcb85cb0?s=96&d=mm&r=g","caption":"789maysFi6IJ5pk"},"url":"https:\/\/www.rubau.com\/ca\/author\/789maysfi6ij5pk\/"}]}},"_links":{"self":[{"href":"https:\/\/www.rubau.com\/ca\/wp-json\/wp\/v2\/posts\/5343","targetHints":{"allow":["GET"]}}],"collection":[{"href":"https:\/\/www.rubau.com\/ca\/wp-json\/wp\/v2\/posts"}],"about":[{"href":"https:\/\/www.rubau.com\/ca\/wp-json\/wp\/v2\/types\/post"}],"author":[{"embeddable":true,"href":"https:\/\/www.rubau.com\/ca\/wp-json\/wp\/v2\/users\/1"}],"replies":[{"embeddable":true,"href":"https:\/\/www.rubau.com\/ca\/wp-json\/wp\/v2\/comments?post=5343"}],"version-history":[{"count":1,"href":"https:\/\/www.rubau.com\/ca\/wp-json\/wp\/v2\/posts\/5343\/revisions"}],"predecessor-version":[{"id":10980,"href":"https:\/\/www.rubau.com\/ca\/wp-json\/wp\/v2\/posts\/5343\/revisions\/10980"}],"wp:featuredmedia":[{"embeddable":true,"href":"https:\/\/www.rubau.com\/ca\/wp-json\/wp\/v2\/media\/10978"}],"wp:attachment":[{"href":"https:\/\/www.rubau.com\/ca\/wp-json\/wp\/v2\/media?parent=5343"}],"wp:term":[{"taxonomy":"category","embeddable":true,"href":"https:\/\/www.rubau.com\/ca\/wp-json\/wp\/v2\/categories?post=5343"},{"taxonomy":"post_tag","embeddable":true,"href":"https:\/\/www.rubau.com\/ca\/wp-json\/wp\/v2\/tags?post=5343"}],"curies":[{"name":"wp","href":"https:\/\/api.w.org\/{rel}","templated":true}]}}