{"id":5628,"date":"2025-07-21T11:04:18","date_gmt":"2025-07-21T09:04:18","guid":{"rendered":"https:\/\/www.rubau.com\/finalizamos-las-obras-de-renovacion-de-via-entre-jaca-y-canfranc\/"},"modified":"2025-10-24T17:23:03","modified_gmt":"2025-10-24T15:23:03","slug":"finalizamos-las-obras-de-renovacion-de-via-entre-jaca-y-canfranc","status":"publish","type":"post","link":"https:\/\/www.rubau.com\/ca\/finalizamos-las-obras-de-renovacion-de-via-entre-jaca-y-canfranc\/","title":{"rendered":"FINALITZEM LES OBRES DE RENOVACI\u00d3 DE VIA ENTRE JACA I CANFRANC"},"content":{"rendered":"<p data-start=\"133\" data-end=\"267\">Un projecte estrat\u00e8gic impulsat per ADIF que modernitza la l\u00ednia Saragossa\u2013Canfranc i refor\u00e7a la connexi\u00f3 ferrovi\u00e0ria transfronterera.<\/p>\n<p data-start=\"269\" data-end=\"683\">Rubau, en UTE amb Cycasa, Trade i Acsa, ha finalitzat les obres de renovaci\u00f3 de via entre Jaca i Canfranc, un tram estrat\u00e8gic de 24 km dins de la l\u00ednia Saragossa\u2013Canfranc, promogut per ADIF. Aquesta actuaci\u00f3 forma part del pla ambici\u00f3s de modernitzaci\u00f3 de la infraestructura ferrovi\u00e0ria als Pirineus aragonesos, clau per a la futura reobertura de la connexi\u00f3 internacional amb Fran\u00e7a a trav\u00e9s del t\u00fanel de Somport.<\/p>\n<p data-start=\"685\" data-end=\"888\">Amb una inversi\u00f3 aproximada de 25,6 milions d\u2019euros, parcialment finan\u00e7ada amb fons del Mecanisme de Recuperaci\u00f3 i Resili\u00e8ncia (MRR) de la Uni\u00f3 Europea, els treballs s\u2019han desenvolupat entre 2022 i 2025.<\/p>\n<p data-start=\"890\" data-end=\"927\">Les principals actuacions han incl\u00f2s:<\/p>\n<ul data-start=\"928\" data-end=\"1401\">\n<li data-start=\"928\" data-end=\"1036\">\n<p data-start=\"930\" data-end=\"1036\">La renovaci\u00f3 completa de la via, amb la substituci\u00f3 de m\u00e9s de 24 km de carril i 8 desviaments ferroviaris.<\/p>\n<\/li>\n<li data-start=\"1037\" data-end=\"1164\">\n<p data-start=\"1039\" data-end=\"1164\">La millora del tra\u00e7at i de les explanacions, incloent la estabilitzaci\u00f3 i sanejament de trinxeres i la reposici\u00f3 estructural.<\/p>\n<\/li>\n<li data-start=\"1165\" data-end=\"1242\">\n<p data-start=\"1167\" data-end=\"1242\">La rehabilitaci\u00f3 integral de 19 t\u00fanels i el tractament de ponts met\u00e0l\u00b7lics.<\/p>\n<\/li>\n<li data-start=\"1243\" data-end=\"1334\">\n<p data-start=\"1245\" data-end=\"1334\">La implementaci\u00f3 de sistemes de drenatge, protecci\u00f3 davant despreniments i noves cunetes.<\/p>\n<\/li>\n<li data-start=\"1335\" data-end=\"1401\">\n<p data-start=\"1337\" data-end=\"1401\">L\u2019adequaci\u00f3 d\u2019estacions i andanes amb millores d\u2019accessibilitat.<\/p>\n<\/li>\n<\/ul>\n<p data-start=\"1403\" data-end=\"1608\">Gr\u00e0cies a aquesta intervenci\u00f3, la l\u00ednia arribar\u00e0 a una velocitat de fins a 80 km\/h i permetr\u00e0 la circulaci\u00f3 de tr\u00e0nsit mixt (viatgers i mercaderies) amb m\u00e9s garanties de seguretat, fiabilitat i efici\u00e8ncia.<\/p>\n<p data-start=\"1610\" data-end=\"1847\">Aquest projecte ha suposat un repte t\u00e8cnic i log\u00edstic important per les caracter\u00edstiques de l\u2019entorn, i no hauria estat possible sense la implicaci\u00f3, professionalitat i comprom\u00eds de tots els equips que han participat en la seva execuci\u00f3.<\/p>\n<p data-start=\"1849\" data-end=\"2054\"><strong>Enhorabona a tots els professionals que han contribu\u00eft a fer realitat aquesta obra! Seguim avan\u00e7ant junts en la millora de les infraestructures ferrovi\u00e0ries que connecten i transformen el nostre territori.<\/strong><\/p>\n<p data-start=\"2056\" data-end=\"2181\">Compartim v\u00eddeo resum de l\u2019obra per mostrar els principals fites del projecte. No us ho perdeu!<\/p>\n<p>&nbsp;<\/p>\n<div style=\"width: 1920px;\" class=\"wp-video\"><!--[if lt IE 9]><script>document.createElement('video');<\/script><![endif]-->\n<video class=\"wp-video-shortcode\" id=\"video-5628-1\" width=\"1920\" height=\"1080\" preload=\"metadata\" controls=\"controls\"><source type=\"video\/mp4\" src=\"https:\/\/www.rubau.com\/wp-content\/uploads\/2025\/07\/VIA-FERROVIARIA-JACA-CANFRANC_HD.mp4?_=1\" \/><a href=\"https:\/\/www.rubau.com\/wp-content\/uploads\/2025\/07\/VIA-FERROVIARIA-JACA-CANFRANC_HD.mp4\">https:\/\/www.rubau.com\/wp-content\/uploads\/2025\/07\/VIA-FERROVIARIA-JACA-CANFRANC_HD.mp4<\/a><\/video><\/div>\n","protected":false},"excerpt":{"rendered":"<p>Un projecte estrat\u00e8gic impulsat per ADIF que modernitza la l\u00ednia Saragossa\u2013Canfranc i refor\u00e7a la connexi\u00f3 ferrovi\u00e0ria transfronterera. Rubau, en UTE amb Cycasa, Trade i Acsa, ha finalitzat les obres de renovaci\u00f3 de via entre Jaca i Canfranc, un tram estrat\u00e8gic de 24 km dins de la l\u00ednia Saragossa\u2013Canfranc, promogut per ADIF. Aquesta actuaci\u00f3 forma part [&hellip;]<\/p>\n","protected":false},"author":1,"featured_media":8060,"comment_status":"closed","ping_status":"open","sticky":false,"template":"","format":"standard","meta":{"_acf_changed":false,"footnotes":""},"categories":[6],"tags":[],"class_list":["post-5628","post","type-post","status-publish","format-standard","has-post-thumbnail","hentry","category-noticies"],"acf":[],"yoast_head":"<!-- This site is optimized with the Yoast SEO plugin v26.5 - https:\/\/yoast.com\/wordpress\/plugins\/seo\/ -->\n<title>FINALITZEM LES OBRES DE RENOVACI\u00d3 DE VIA ENTRE JACA I CANFRANC - Rubau<\/title>\n<meta name=\"robots\" content=\"index, follow, max-snippet:-1, max-image-preview:large, max-video-preview:-1\" \/>\n<link rel=\"canonical\" href=\"https:\/\/www.rubau.com\/ca\/finalizamos-las-obras-de-renovacion-de-via-entre-jaca-y-canfranc\/\" \/>\n<meta property=\"og:locale\" content=\"ca_ES\" \/>\n<meta property=\"og:type\" content=\"article\" \/>\n<meta property=\"og:title\" content=\"FINALITZEM LES OBRES DE RENOVACI\u00d3 DE VIA ENTRE JACA I CANFRANC - Rubau\" \/>\n<meta property=\"og:description\" content=\"Un projecte estrat\u00e8gic impulsat per ADIF que modernitza la l\u00ednia Saragossa\u2013Canfranc i refor\u00e7a la connexi\u00f3 ferrovi\u00e0ria transfronterera. Rubau, en UTE amb Cycasa, Trade i Acsa, ha finalitzat les obres de renovaci\u00f3 de via entre Jaca i Canfranc, un tram estrat\u00e8gic de 24 km dins de la l\u00ednia Saragossa\u2013Canfranc, promogut per ADIF. Aquesta actuaci\u00f3 forma part [&hellip;]\" \/>\n<meta property=\"og:url\" content=\"https:\/\/www.rubau.com\/ca\/finalizamos-las-obras-de-renovacion-de-via-entre-jaca-y-canfranc\/\" \/>\n<meta property=\"og:site_name\" content=\"Rubau\" \/>\n<meta property=\"article:published_time\" content=\"2025-07-21T09:04:18+00:00\" \/>\n<meta property=\"article:modified_time\" content=\"2025-10-24T15:23:03+00:00\" \/>\n<meta property=\"og:image\" content=\"https:\/\/www.rubau.com\/wp-content\/uploads\/2025\/07\/DJI_20250623152334_0495_D_DAV-scaled.jpg\" \/>\n\t<meta property=\"og:image:width\" content=\"2560\" \/>\n\t<meta property=\"og:image:height\" content=\"1438\" \/>\n\t<meta property=\"og:image:type\" content=\"image\/jpeg\" \/>\n<meta name=\"author\" content=\"789maysFi6IJ5pk\" \/>\n<meta name=\"twitter:card\" content=\"summary_large_image\" \/>\n<meta name=\"twitter:label1\" content=\"Escrit per\" \/>\n\t<meta name=\"twitter:data1\" content=\"789maysFi6IJ5pk\" \/>\n\t<meta name=\"twitter:label2\" content=\"Temps estimat de lectura\" \/>\n\t<meta name=\"twitter:data2\" content=\"2 minuts\" \/>\n<script type=\"application\/ld+json\" class=\"yoast-schema-graph\">{\"@context\":\"https:\/\/schema.org\",\"@graph\":[{\"@type\":\"Article\",\"@id\":\"https:\/\/www.rubau.com\/ca\/finalizamos-las-obras-de-renovacion-de-via-entre-jaca-y-canfranc\/#article\",\"isPartOf\":{\"@id\":\"https:\/\/www.rubau.com\/ca\/finalizamos-las-obras-de-renovacion-de-via-entre-jaca-y-canfranc\/\"},\"author\":{\"name\":\"789maysFi6IJ5pk\",\"@id\":\"https:\/\/www.rubau.com\/#\/schema\/person\/e3264a55ec7aa20d1e8892d6bdfdf9ec\"},\"headline\":\"FINALITZEM LES OBRES DE RENOVACI\u00d3 DE VIA ENTRE JACA I CANFRANC\",\"datePublished\":\"2025-07-21T09:04:18+00:00\",\"dateModified\":\"2025-10-24T15:23:03+00:00\",\"mainEntityOfPage\":{\"@id\":\"https:\/\/www.rubau.com\/ca\/finalizamos-las-obras-de-renovacion-de-via-entre-jaca-y-canfranc\/\"},\"wordCount\":367,\"publisher\":{\"@id\":\"https:\/\/www.rubau.com\/#organization\"},\"image\":{\"@id\":\"https:\/\/www.rubau.com\/ca\/finalizamos-las-obras-de-renovacion-de-via-entre-jaca-y-canfranc\/#primaryimage\"},\"thumbnailUrl\":\"https:\/\/www.rubau.com\/wp-content\/uploads\/2025\/07\/DJI_20250623152334_0495_D_DAV-scaled.jpg\",\"articleSection\":[\"Not\u00edcies\"],\"inLanguage\":\"ca\"},{\"@type\":\"WebPage\",\"@id\":\"https:\/\/www.rubau.com\/ca\/finalizamos-las-obras-de-renovacion-de-via-entre-jaca-y-canfranc\/\",\"url\":\"https:\/\/www.rubau.com\/ca\/finalizamos-las-obras-de-renovacion-de-via-entre-jaca-y-canfranc\/\",\"name\":\"FINALITZEM LES OBRES DE RENOVACI\u00d3 DE VIA ENTRE JACA I CANFRANC - Rubau\",\"isPartOf\":{\"@id\":\"https:\/\/www.rubau.com\/#website\"},\"primaryImageOfPage\":{\"@id\":\"https:\/\/www.rubau.com\/ca\/finalizamos-las-obras-de-renovacion-de-via-entre-jaca-y-canfranc\/#primaryimage\"},\"image\":{\"@id\":\"https:\/\/www.rubau.com\/ca\/finalizamos-las-obras-de-renovacion-de-via-entre-jaca-y-canfranc\/#primaryimage\"},\"thumbnailUrl\":\"https:\/\/www.rubau.com\/wp-content\/uploads\/2025\/07\/DJI_20250623152334_0495_D_DAV-scaled.jpg\",\"datePublished\":\"2025-07-21T09:04:18+00:00\",\"dateModified\":\"2025-10-24T15:23:03+00:00\",\"breadcrumb\":{\"@id\":\"https:\/\/www.rubau.com\/ca\/finalizamos-las-obras-de-renovacion-de-via-entre-jaca-y-canfranc\/#breadcrumb\"},\"inLanguage\":\"ca\",\"potentialAction\":[{\"@type\":\"ReadAction\",\"target\":[\"https:\/\/www.rubau.com\/ca\/finalizamos-las-obras-de-renovacion-de-via-entre-jaca-y-canfranc\/\"]}]},{\"@type\":\"ImageObject\",\"inLanguage\":\"ca\",\"@id\":\"https:\/\/www.rubau.com\/ca\/finalizamos-las-obras-de-renovacion-de-via-entre-jaca-y-canfranc\/#primaryimage\",\"url\":\"https:\/\/www.rubau.com\/wp-content\/uploads\/2025\/07\/DJI_20250623152334_0495_D_DAV-scaled.jpg\",\"contentUrl\":\"https:\/\/www.rubau.com\/wp-content\/uploads\/2025\/07\/DJI_20250623152334_0495_D_DAV-scaled.jpg\",\"width\":2560,\"height\":1438},{\"@type\":\"BreadcrumbList\",\"@id\":\"https:\/\/www.rubau.com\/ca\/finalizamos-las-obras-de-renovacion-de-via-entre-jaca-y-canfranc\/#breadcrumb\",\"itemListElement\":[{\"@type\":\"ListItem\",\"position\":1,\"name\":\"Portada\",\"item\":\"https:\/\/www.rubau.com\/\"},{\"@type\":\"ListItem\",\"position\":2,\"name\":\"FINALITZEM LES OBRES DE RENOVACI\u00d3 DE VIA ENTRE JACA I CANFRANC\"}]},{\"@type\":\"WebSite\",\"@id\":\"https:\/\/www.rubau.com\/#website\",\"url\":\"https:\/\/www.rubau.com\/\",\"name\":\"Rubau\",\"description\":\"Construccions RUBAU\",\"publisher\":{\"@id\":\"https:\/\/www.rubau.com\/#organization\"},\"potentialAction\":[{\"@type\":\"SearchAction\",\"target\":{\"@type\":\"EntryPoint\",\"urlTemplate\":\"https:\/\/www.rubau.com\/?s={search_term_string}\"},\"query-input\":{\"@type\":\"PropertyValueSpecification\",\"valueRequired\":true,\"valueName\":\"search_term_string\"}}],\"inLanguage\":\"ca\"},{\"@type\":\"Organization\",\"@id\":\"https:\/\/www.rubau.com\/#organization\",\"name\":\"Rubau\",\"url\":\"https:\/\/www.rubau.com\/\",\"logo\":{\"@type\":\"ImageObject\",\"inLanguage\":\"ca\",\"@id\":\"https:\/\/www.rubau.com\/#\/schema\/logo\/image\/\",\"url\":\"https:\/\/www.rubau.com\/wp-content\/uploads\/2024\/10\/Logo-CONSTRUCCIONS-RUBAU-ES1.png\",\"contentUrl\":\"https:\/\/www.rubau.com\/wp-content\/uploads\/2024\/10\/Logo-CONSTRUCCIONS-RUBAU-ES1.png\",\"width\":1010,\"height\":200,\"caption\":\"Rubau\"},\"image\":{\"@id\":\"https:\/\/www.rubau.com\/#\/schema\/logo\/image\/\"},\"sameAs\":[\"https:\/\/www.instagram.com\/construcciones_rubau\/\",\"https:\/\/www.linkedin.com\/company\/construcciones-rubau-s.a.\"]},{\"@type\":\"Person\",\"@id\":\"https:\/\/www.rubau.com\/#\/schema\/person\/e3264a55ec7aa20d1e8892d6bdfdf9ec\",\"name\":\"789maysFi6IJ5pk\",\"image\":{\"@type\":\"ImageObject\",\"inLanguage\":\"ca\",\"@id\":\"https:\/\/www.rubau.com\/#\/schema\/person\/image\/\",\"url\":\"https:\/\/secure.gravatar.com\/avatar\/5209968e1586048c9fb84b6d730047ebc5622fca755af8dac8aeacbdbcb85cb0?s=96&d=mm&r=g\",\"contentUrl\":\"https:\/\/secure.gravatar.com\/avatar\/5209968e1586048c9fb84b6d730047ebc5622fca755af8dac8aeacbdbcb85cb0?s=96&d=mm&r=g\",\"caption\":\"789maysFi6IJ5pk\"},\"url\":\"https:\/\/www.rubau.com\/ca\/author\/789maysfi6ij5pk\/\"}]}<\/script>\n<!-- \/ Yoast SEO plugin. -->","yoast_head_json":{"title":"FINALITZEM LES OBRES DE RENOVACI\u00d3 DE VIA ENTRE JACA I CANFRANC - Rubau","robots":{"index":"index","follow":"follow","max-snippet":"max-snippet:-1","max-image-preview":"max-image-preview:large","max-video-preview":"max-video-preview:-1"},"canonical":"https:\/\/www.rubau.com\/ca\/finalizamos-las-obras-de-renovacion-de-via-entre-jaca-y-canfranc\/","og_locale":"ca_ES","og_type":"article","og_title":"FINALITZEM LES OBRES DE RENOVACI\u00d3 DE VIA ENTRE JACA I CANFRANC - Rubau","og_description":"Un projecte estrat\u00e8gic impulsat per ADIF que modernitza la l\u00ednia Saragossa\u2013Canfranc i refor\u00e7a la connexi\u00f3 ferrovi\u00e0ria transfronterera. Rubau, en UTE amb Cycasa, Trade i Acsa, ha finalitzat les obres de renovaci\u00f3 de via entre Jaca i Canfranc, un tram estrat\u00e8gic de 24 km dins de la l\u00ednia Saragossa\u2013Canfranc, promogut per ADIF. Aquesta actuaci\u00f3 forma part [&hellip;]","og_url":"https:\/\/www.rubau.com\/ca\/finalizamos-las-obras-de-renovacion-de-via-entre-jaca-y-canfranc\/","og_site_name":"Rubau","article_published_time":"2025-07-21T09:04:18+00:00","article_modified_time":"2025-10-24T15:23:03+00:00","og_image":[{"width":2560,"height":1438,"url":"https:\/\/www.rubau.com\/wp-content\/uploads\/2025\/07\/DJI_20250623152334_0495_D_DAV-scaled.jpg","type":"image\/jpeg"}],"author":"789maysFi6IJ5pk","twitter_card":"summary_large_image","twitter_misc":{"Escrit per":"789maysFi6IJ5pk","Temps estimat de lectura":"2 minuts"},"schema":{"@context":"https:\/\/schema.org","@graph":[{"@type":"Article","@id":"https:\/\/www.rubau.com\/ca\/finalizamos-las-obras-de-renovacion-de-via-entre-jaca-y-canfranc\/#article","isPartOf":{"@id":"https:\/\/www.rubau.com\/ca\/finalizamos-las-obras-de-renovacion-de-via-entre-jaca-y-canfranc\/"},"author":{"name":"789maysFi6IJ5pk","@id":"https:\/\/www.rubau.com\/#\/schema\/person\/e3264a55ec7aa20d1e8892d6bdfdf9ec"},"headline":"FINALITZEM LES OBRES DE RENOVACI\u00d3 DE VIA ENTRE JACA I CANFRANC","datePublished":"2025-07-21T09:04:18+00:00","dateModified":"2025-10-24T15:23:03+00:00","mainEntityOfPage":{"@id":"https:\/\/www.rubau.com\/ca\/finalizamos-las-obras-de-renovacion-de-via-entre-jaca-y-canfranc\/"},"wordCount":367,"publisher":{"@id":"https:\/\/www.rubau.com\/#organization"},"image":{"@id":"https:\/\/www.rubau.com\/ca\/finalizamos-las-obras-de-renovacion-de-via-entre-jaca-y-canfranc\/#primaryimage"},"thumbnailUrl":"https:\/\/www.rubau.com\/wp-content\/uploads\/2025\/07\/DJI_20250623152334_0495_D_DAV-scaled.jpg","articleSection":["Not\u00edcies"],"inLanguage":"ca"},{"@type":"WebPage","@id":"https:\/\/www.rubau.com\/ca\/finalizamos-las-obras-de-renovacion-de-via-entre-jaca-y-canfranc\/","url":"https:\/\/www.rubau.com\/ca\/finalizamos-las-obras-de-renovacion-de-via-entre-jaca-y-canfranc\/","name":"FINALITZEM LES OBRES DE RENOVACI\u00d3 DE VIA ENTRE JACA I CANFRANC - Rubau","isPartOf":{"@id":"https:\/\/www.rubau.com\/#website"},"primaryImageOfPage":{"@id":"https:\/\/www.rubau.com\/ca\/finalizamos-las-obras-de-renovacion-de-via-entre-jaca-y-canfranc\/#primaryimage"},"image":{"@id":"https:\/\/www.rubau.com\/ca\/finalizamos-las-obras-de-renovacion-de-via-entre-jaca-y-canfranc\/#primaryimage"},"thumbnailUrl":"https:\/\/www.rubau.com\/wp-content\/uploads\/2025\/07\/DJI_20250623152334_0495_D_DAV-scaled.jpg","datePublished":"2025-07-21T09:04:18+00:00","dateModified":"2025-10-24T15:23:03+00:00","breadcrumb":{"@id":"https:\/\/www.rubau.com\/ca\/finalizamos-las-obras-de-renovacion-de-via-entre-jaca-y-canfranc\/#breadcrumb"},"inLanguage":"ca","potentialAction":[{"@type":"ReadAction","target":["https:\/\/www.rubau.com\/ca\/finalizamos-las-obras-de-renovacion-de-via-entre-jaca-y-canfranc\/"]}]},{"@type":"ImageObject","inLanguage":"ca","@id":"https:\/\/www.rubau.com\/ca\/finalizamos-las-obras-de-renovacion-de-via-entre-jaca-y-canfranc\/#primaryimage","url":"https:\/\/www.rubau.com\/wp-content\/uploads\/2025\/07\/DJI_20250623152334_0495_D_DAV-scaled.jpg","contentUrl":"https:\/\/www.rubau.com\/wp-content\/uploads\/2025\/07\/DJI_20250623152334_0495_D_DAV-scaled.jpg","width":2560,"height":1438},{"@type":"BreadcrumbList","@id":"https:\/\/www.rubau.com\/ca\/finalizamos-las-obras-de-renovacion-de-via-entre-jaca-y-canfranc\/#breadcrumb","itemListElement":[{"@type":"ListItem","position":1,"name":"Portada","item":"https:\/\/www.rubau.com\/"},{"@type":"ListItem","position":2,"name":"FINALITZEM LES OBRES DE RENOVACI\u00d3 DE VIA ENTRE JACA I CANFRANC"}]},{"@type":"WebSite","@id":"https:\/\/www.rubau.com\/#website","url":"https:\/\/www.rubau.com\/","name":"Rubau","description":"Construccions RUBAU","publisher":{"@id":"https:\/\/www.rubau.com\/#organization"},"potentialAction":[{"@type":"SearchAction","target":{"@type":"EntryPoint","urlTemplate":"https:\/\/www.rubau.com\/?s={search_term_string}"},"query-input":{"@type":"PropertyValueSpecification","valueRequired":true,"valueName":"search_term_string"}}],"inLanguage":"ca"},{"@type":"Organization","@id":"https:\/\/www.rubau.com\/#organization","name":"Rubau","url":"https:\/\/www.rubau.com\/","logo":{"@type":"ImageObject","inLanguage":"ca","@id":"https:\/\/www.rubau.com\/#\/schema\/logo\/image\/","url":"https:\/\/www.rubau.com\/wp-content\/uploads\/2024\/10\/Logo-CONSTRUCCIONS-RUBAU-ES1.png","contentUrl":"https:\/\/www.rubau.com\/wp-content\/uploads\/2024\/10\/Logo-CONSTRUCCIONS-RUBAU-ES1.png","width":1010,"height":200,"caption":"Rubau"},"image":{"@id":"https:\/\/www.rubau.com\/#\/schema\/logo\/image\/"},"sameAs":["https:\/\/www.instagram.com\/construcciones_rubau\/","https:\/\/www.linkedin.com\/company\/construcciones-rubau-s.a."]},{"@type":"Person","@id":"https:\/\/www.rubau.com\/#\/schema\/person\/e3264a55ec7aa20d1e8892d6bdfdf9ec","name":"789maysFi6IJ5pk","image":{"@type":"ImageObject","inLanguage":"ca","@id":"https:\/\/www.rubau.com\/#\/schema\/person\/image\/","url":"https:\/\/secure.gravatar.com\/avatar\/5209968e1586048c9fb84b6d730047ebc5622fca755af8dac8aeacbdbcb85cb0?s=96&d=mm&r=g","contentUrl":"https:\/\/secure.gravatar.com\/avatar\/5209968e1586048c9fb84b6d730047ebc5622fca755af8dac8aeacbdbcb85cb0?s=96&d=mm&r=g","caption":"789maysFi6IJ5pk"},"url":"https:\/\/www.rubau.com\/ca\/author\/789maysfi6ij5pk\/"}]}},"_links":{"self":[{"href":"https:\/\/www.rubau.com\/ca\/wp-json\/wp\/v2\/posts\/5628","targetHints":{"allow":["GET"]}}],"collection":[{"href":"https:\/\/www.rubau.com\/ca\/wp-json\/wp\/v2\/posts"}],"about":[{"href":"https:\/\/www.rubau.com\/ca\/wp-json\/wp\/v2\/types\/post"}],"author":[{"embeddable":true,"href":"https:\/\/www.rubau.com\/ca\/wp-json\/wp\/v2\/users\/1"}],"replies":[{"embeddable":true,"href":"https:\/\/www.rubau.com\/ca\/wp-json\/wp\/v2\/comments?post=5628"}],"version-history":[{"count":1,"href":"https:\/\/www.rubau.com\/ca\/wp-json\/wp\/v2\/posts\/5628\/revisions"}],"predecessor-version":[{"id":10964,"href":"https:\/\/www.rubau.com\/ca\/wp-json\/wp\/v2\/posts\/5628\/revisions\/10964"}],"wp:featuredmedia":[{"embeddable":true,"href":"https:\/\/www.rubau.com\/ca\/wp-json\/wp\/v2\/media\/8060"}],"wp:attachment":[{"href":"https:\/\/www.rubau.com\/ca\/wp-json\/wp\/v2\/media?parent=5628"}],"wp:term":[{"taxonomy":"category","embeddable":true,"href":"https:\/\/www.rubau.com\/ca\/wp-json\/wp\/v2\/categories?post=5628"},{"taxonomy":"post_tag","embeddable":true,"href":"https:\/\/www.rubau.com\/ca\/wp-json\/wp\/v2\/tags?post=5628"}],"curies":[{"name":"wp","href":"https:\/\/api.w.org\/{rel}","templated":true}]}}