{"id":679,"date":"2015-12-14T09:44:21","date_gmt":"2015-12-14T08:44:21","guid":{"rendered":"http:\/\/www.rubau.com\/el-grupo-rubau-consolida-su-presencia-en-polonia-2\/"},"modified":"2016-05-19T08:21:31","modified_gmt":"2016-05-19T06:21:31","slug":"grup-rubau-consolida-la-seva-presencia-a-polonia","status":"publish","type":"post","link":"https:\/\/www.rubau.com\/ca\/grup-rubau-consolida-la-seva-presencia-a-polonia\/","title":{"rendered":"Grup Rubau consolida la seva pres\u00e8ncia a Pol\u00f2nia"},"content":{"rendered":"<p>La pres\u00e8ncia de Rubau als mercats internacionals s\u2019ha vist refor\u00e7ada des de comen\u00e7ament d\u2019any fins ara. En s\u00f3n un exemple les \u00faltimes adjudicacions a Rubau a Pol\u00f2nia.<\/p>\n<p>La pres\u00e8ncia de Rubau a Pol\u00f2nia s\u2019ha consolidat en els darrers mesos amb tres noves adjudicacions valorades en un total de 62 milions d\u2019euros. Dues de les adjudicacions corresponen a obres de modernitzaci\u00f3 de la xarxa ferrovi\u00e0ria: la l\u00ednia 140\/158 Chalupki-Rybnik (34,4 milions d\u2019euros) i la l\u00ednia 201 Gdynia-Koscierzyna (20,8 milions d\u2019euros). El tercer projecte adjudicat est\u00e0 valorat en 6,8 milions d\u2019euros i inclou la construcci\u00f3 de la carretera de circumval\u00b7laci\u00f3 de Zywiec, l\u2019execuci\u00f3 del nou trajecte de la carretera regional n\u00famero 945, paral\u00b7lela al riu Sola, i la reconstrucci\u00f3 del pont sobre el riu.<\/p>\n<p>Actualment, un 60% de la producci\u00f3 de Construcciones Rubau t\u00e9 lloc en els mercats internacionals. A m\u00e9s dels projectes a Pol\u00f2nia, la constructora gironina est\u00e0 duent a terme obres a M\u00e8xic, Per\u00fa, Col\u00f2mbia i S\u00e8rbia.<\/p>\n","protected":false},"excerpt":{"rendered":"<p>La pres\u00e8ncia de Rubau als mercats internacionals s\u2019ha vist refor\u00e7ada des de comen\u00e7ament d\u2019any fins ara. En s\u00f3n un exemple les \u00faltimes adjudicacions a Rubau a Pol\u00f2nia. La pres\u00e8ncia de Rubau a Pol\u00f2nia s\u2019ha consolidat en els darrers mesos amb tres noves adjudicacions valorades en un total de 62 milions d\u2019euros. Dues de les adjudicacions [&hellip;]<\/p>\n","protected":false},"author":1,"featured_media":676,"comment_status":"closed","ping_status":"open","sticky":false,"template":"","format":"standard","meta":{"_acf_changed":false,"footnotes":""},"categories":[6],"tags":[],"class_list":["post-679","post","type-post","status-publish","format-standard","has-post-thumbnail","hentry","category-noticies"],"acf":[],"yoast_head":"<!-- This site is optimized with the Yoast SEO plugin v26.5 - https:\/\/yoast.com\/wordpress\/plugins\/seo\/ -->\n<title>Grup Rubau consolida la seva pres\u00e8ncia a Pol\u00f2nia - Rubau<\/title>\n<meta name=\"robots\" content=\"index, follow, max-snippet:-1, max-image-preview:large, max-video-preview:-1\" \/>\n<link rel=\"canonical\" href=\"https:\/\/www.rubau.com\/ca\/grup-rubau-consolida-la-seva-presencia-a-polonia\/\" \/>\n<meta property=\"og:locale\" content=\"ca_ES\" \/>\n<meta property=\"og:type\" content=\"article\" \/>\n<meta property=\"og:title\" content=\"Grup Rubau consolida la seva pres\u00e8ncia a Pol\u00f2nia - Rubau\" \/>\n<meta property=\"og:description\" content=\"La pres\u00e8ncia de Rubau als mercats internacionals s\u2019ha vist refor\u00e7ada des de comen\u00e7ament d\u2019any fins ara. En s\u00f3n un exemple les \u00faltimes adjudicacions a Rubau a Pol\u00f2nia. La pres\u00e8ncia de Rubau a Pol\u00f2nia s\u2019ha consolidat en els darrers mesos amb tres noves adjudicacions valorades en un total de 62 milions d\u2019euros. Dues de les adjudicacions [&hellip;]\" \/>\n<meta property=\"og:url\" content=\"https:\/\/www.rubau.com\/ca\/grup-rubau-consolida-la-seva-presencia-a-polonia\/\" \/>\n<meta property=\"og:site_name\" content=\"Rubau\" \/>\n<meta property=\"article:published_time\" content=\"2015-12-14T08:44:21+00:00\" \/>\n<meta property=\"article:modified_time\" content=\"2016-05-19T06:21:31+00:00\" \/>\n<meta property=\"og:image\" content=\"https:\/\/www.rubau.com\/wp-content\/uploads\/2015\/12\/12.gif\" \/>\n\t<meta property=\"og:image:width\" content=\"413\" \/>\n\t<meta property=\"og:image:height\" content=\"223\" \/>\n\t<meta property=\"og:image:type\" content=\"image\/gif\" \/>\n<meta name=\"author\" content=\"789maysFi6IJ5pk\" \/>\n<meta name=\"twitter:card\" content=\"summary_large_image\" \/>\n<meta name=\"twitter:label1\" content=\"Escrit per\" \/>\n\t<meta name=\"twitter:data1\" content=\"789maysFi6IJ5pk\" \/>\n\t<meta name=\"twitter:label2\" content=\"Temps estimat de lectura\" \/>\n\t<meta name=\"twitter:data2\" content=\"1 minut\" \/>\n<script type=\"application\/ld+json\" class=\"yoast-schema-graph\">{\"@context\":\"https:\/\/schema.org\",\"@graph\":[{\"@type\":\"Article\",\"@id\":\"https:\/\/www.rubau.com\/ca\/grup-rubau-consolida-la-seva-presencia-a-polonia\/#article\",\"isPartOf\":{\"@id\":\"https:\/\/www.rubau.com\/ca\/grup-rubau-consolida-la-seva-presencia-a-polonia\/\"},\"author\":{\"name\":\"789maysFi6IJ5pk\",\"@id\":\"https:\/\/www.rubau.com\/#\/schema\/person\/e3264a55ec7aa20d1e8892d6bdfdf9ec\"},\"headline\":\"Grup Rubau consolida la seva pres\u00e8ncia a Pol\u00f2nia\",\"datePublished\":\"2015-12-14T08:44:21+00:00\",\"dateModified\":\"2016-05-19T06:21:31+00:00\",\"mainEntityOfPage\":{\"@id\":\"https:\/\/www.rubau.com\/ca\/grup-rubau-consolida-la-seva-presencia-a-polonia\/\"},\"wordCount\":185,\"publisher\":{\"@id\":\"https:\/\/www.rubau.com\/#organization\"},\"image\":{\"@id\":\"https:\/\/www.rubau.com\/ca\/grup-rubau-consolida-la-seva-presencia-a-polonia\/#primaryimage\"},\"thumbnailUrl\":\"https:\/\/www.rubau.com\/wp-content\/uploads\/2015\/12\/12.gif\",\"articleSection\":[\"Not\u00edcies\"],\"inLanguage\":\"ca\"},{\"@type\":\"WebPage\",\"@id\":\"https:\/\/www.rubau.com\/ca\/grup-rubau-consolida-la-seva-presencia-a-polonia\/\",\"url\":\"https:\/\/www.rubau.com\/ca\/grup-rubau-consolida-la-seva-presencia-a-polonia\/\",\"name\":\"Grup Rubau consolida la seva pres\u00e8ncia a Pol\u00f2nia - Rubau\",\"isPartOf\":{\"@id\":\"https:\/\/www.rubau.com\/#website\"},\"primaryImageOfPage\":{\"@id\":\"https:\/\/www.rubau.com\/ca\/grup-rubau-consolida-la-seva-presencia-a-polonia\/#primaryimage\"},\"image\":{\"@id\":\"https:\/\/www.rubau.com\/ca\/grup-rubau-consolida-la-seva-presencia-a-polonia\/#primaryimage\"},\"thumbnailUrl\":\"https:\/\/www.rubau.com\/wp-content\/uploads\/2015\/12\/12.gif\",\"datePublished\":\"2015-12-14T08:44:21+00:00\",\"dateModified\":\"2016-05-19T06:21:31+00:00\",\"breadcrumb\":{\"@id\":\"https:\/\/www.rubau.com\/ca\/grup-rubau-consolida-la-seva-presencia-a-polonia\/#breadcrumb\"},\"inLanguage\":\"ca\",\"potentialAction\":[{\"@type\":\"ReadAction\",\"target\":[\"https:\/\/www.rubau.com\/ca\/grup-rubau-consolida-la-seva-presencia-a-polonia\/\"]}]},{\"@type\":\"ImageObject\",\"inLanguage\":\"ca\",\"@id\":\"https:\/\/www.rubau.com\/ca\/grup-rubau-consolida-la-seva-presencia-a-polonia\/#primaryimage\",\"url\":\"https:\/\/www.rubau.com\/wp-content\/uploads\/2015\/12\/12.gif\",\"contentUrl\":\"https:\/\/www.rubau.com\/wp-content\/uploads\/2015\/12\/12.gif\",\"width\":413,\"height\":223,\"caption\":\"Carretera de circunvalaci\u00f3n de \u017bywiec, y Puente sobre el r\u00edo Sola. Polonia.\"},{\"@type\":\"BreadcrumbList\",\"@id\":\"https:\/\/www.rubau.com\/ca\/grup-rubau-consolida-la-seva-presencia-a-polonia\/#breadcrumb\",\"itemListElement\":[{\"@type\":\"ListItem\",\"position\":1,\"name\":\"Portada\",\"item\":\"https:\/\/www.rubau.com\/\"},{\"@type\":\"ListItem\",\"position\":2,\"name\":\"Grup Rubau consolida la seva pres\u00e8ncia a Pol\u00f2nia\"}]},{\"@type\":\"WebSite\",\"@id\":\"https:\/\/www.rubau.com\/#website\",\"url\":\"https:\/\/www.rubau.com\/\",\"name\":\"Rubau\",\"description\":\"Construccions RUBAU\",\"publisher\":{\"@id\":\"https:\/\/www.rubau.com\/#organization\"},\"potentialAction\":[{\"@type\":\"SearchAction\",\"target\":{\"@type\":\"EntryPoint\",\"urlTemplate\":\"https:\/\/www.rubau.com\/?s={search_term_string}\"},\"query-input\":{\"@type\":\"PropertyValueSpecification\",\"valueRequired\":true,\"valueName\":\"search_term_string\"}}],\"inLanguage\":\"ca\"},{\"@type\":\"Organization\",\"@id\":\"https:\/\/www.rubau.com\/#organization\",\"name\":\"Rubau\",\"url\":\"https:\/\/www.rubau.com\/\",\"logo\":{\"@type\":\"ImageObject\",\"inLanguage\":\"ca\",\"@id\":\"https:\/\/www.rubau.com\/#\/schema\/logo\/image\/\",\"url\":\"https:\/\/www.rubau.com\/wp-content\/uploads\/2024\/10\/Logo-CONSTRUCCIONS-RUBAU-ES1.png\",\"contentUrl\":\"https:\/\/www.rubau.com\/wp-content\/uploads\/2024\/10\/Logo-CONSTRUCCIONS-RUBAU-ES1.png\",\"width\":1010,\"height\":200,\"caption\":\"Rubau\"},\"image\":{\"@id\":\"https:\/\/www.rubau.com\/#\/schema\/logo\/image\/\"},\"sameAs\":[\"https:\/\/www.instagram.com\/construcciones_rubau\/\",\"https:\/\/www.linkedin.com\/company\/construcciones-rubau-s.a.\"]},{\"@type\":\"Person\",\"@id\":\"https:\/\/www.rubau.com\/#\/schema\/person\/e3264a55ec7aa20d1e8892d6bdfdf9ec\",\"name\":\"789maysFi6IJ5pk\",\"image\":{\"@type\":\"ImageObject\",\"inLanguage\":\"ca\",\"@id\":\"https:\/\/www.rubau.com\/#\/schema\/person\/image\/\",\"url\":\"https:\/\/secure.gravatar.com\/avatar\/5209968e1586048c9fb84b6d730047ebc5622fca755af8dac8aeacbdbcb85cb0?s=96&d=mm&r=g\",\"contentUrl\":\"https:\/\/secure.gravatar.com\/avatar\/5209968e1586048c9fb84b6d730047ebc5622fca755af8dac8aeacbdbcb85cb0?s=96&d=mm&r=g\",\"caption\":\"789maysFi6IJ5pk\"},\"url\":\"https:\/\/www.rubau.com\/ca\/author\/789maysfi6ij5pk\/\"}]}<\/script>\n<!-- \/ Yoast SEO plugin. -->","yoast_head_json":{"title":"Grup Rubau consolida la seva pres\u00e8ncia a Pol\u00f2nia - Rubau","robots":{"index":"index","follow":"follow","max-snippet":"max-snippet:-1","max-image-preview":"max-image-preview:large","max-video-preview":"max-video-preview:-1"},"canonical":"https:\/\/www.rubau.com\/ca\/grup-rubau-consolida-la-seva-presencia-a-polonia\/","og_locale":"ca_ES","og_type":"article","og_title":"Grup Rubau consolida la seva pres\u00e8ncia a Pol\u00f2nia - Rubau","og_description":"La pres\u00e8ncia de Rubau als mercats internacionals s\u2019ha vist refor\u00e7ada des de comen\u00e7ament d\u2019any fins ara. En s\u00f3n un exemple les \u00faltimes adjudicacions a Rubau a Pol\u00f2nia. La pres\u00e8ncia de Rubau a Pol\u00f2nia s\u2019ha consolidat en els darrers mesos amb tres noves adjudicacions valorades en un total de 62 milions d\u2019euros. Dues de les adjudicacions [&hellip;]","og_url":"https:\/\/www.rubau.com\/ca\/grup-rubau-consolida-la-seva-presencia-a-polonia\/","og_site_name":"Rubau","article_published_time":"2015-12-14T08:44:21+00:00","article_modified_time":"2016-05-19T06:21:31+00:00","og_image":[{"width":413,"height":223,"url":"https:\/\/www.rubau.com\/wp-content\/uploads\/2015\/12\/12.gif","type":"image\/gif"}],"author":"789maysFi6IJ5pk","twitter_card":"summary_large_image","twitter_misc":{"Escrit per":"789maysFi6IJ5pk","Temps estimat de lectura":"1 minut"},"schema":{"@context":"https:\/\/schema.org","@graph":[{"@type":"Article","@id":"https:\/\/www.rubau.com\/ca\/grup-rubau-consolida-la-seva-presencia-a-polonia\/#article","isPartOf":{"@id":"https:\/\/www.rubau.com\/ca\/grup-rubau-consolida-la-seva-presencia-a-polonia\/"},"author":{"name":"789maysFi6IJ5pk","@id":"https:\/\/www.rubau.com\/#\/schema\/person\/e3264a55ec7aa20d1e8892d6bdfdf9ec"},"headline":"Grup Rubau consolida la seva pres\u00e8ncia a Pol\u00f2nia","datePublished":"2015-12-14T08:44:21+00:00","dateModified":"2016-05-19T06:21:31+00:00","mainEntityOfPage":{"@id":"https:\/\/www.rubau.com\/ca\/grup-rubau-consolida-la-seva-presencia-a-polonia\/"},"wordCount":185,"publisher":{"@id":"https:\/\/www.rubau.com\/#organization"},"image":{"@id":"https:\/\/www.rubau.com\/ca\/grup-rubau-consolida-la-seva-presencia-a-polonia\/#primaryimage"},"thumbnailUrl":"https:\/\/www.rubau.com\/wp-content\/uploads\/2015\/12\/12.gif","articleSection":["Not\u00edcies"],"inLanguage":"ca"},{"@type":"WebPage","@id":"https:\/\/www.rubau.com\/ca\/grup-rubau-consolida-la-seva-presencia-a-polonia\/","url":"https:\/\/www.rubau.com\/ca\/grup-rubau-consolida-la-seva-presencia-a-polonia\/","name":"Grup Rubau consolida la seva pres\u00e8ncia a Pol\u00f2nia - Rubau","isPartOf":{"@id":"https:\/\/www.rubau.com\/#website"},"primaryImageOfPage":{"@id":"https:\/\/www.rubau.com\/ca\/grup-rubau-consolida-la-seva-presencia-a-polonia\/#primaryimage"},"image":{"@id":"https:\/\/www.rubau.com\/ca\/grup-rubau-consolida-la-seva-presencia-a-polonia\/#primaryimage"},"thumbnailUrl":"https:\/\/www.rubau.com\/wp-content\/uploads\/2015\/12\/12.gif","datePublished":"2015-12-14T08:44:21+00:00","dateModified":"2016-05-19T06:21:31+00:00","breadcrumb":{"@id":"https:\/\/www.rubau.com\/ca\/grup-rubau-consolida-la-seva-presencia-a-polonia\/#breadcrumb"},"inLanguage":"ca","potentialAction":[{"@type":"ReadAction","target":["https:\/\/www.rubau.com\/ca\/grup-rubau-consolida-la-seva-presencia-a-polonia\/"]}]},{"@type":"ImageObject","inLanguage":"ca","@id":"https:\/\/www.rubau.com\/ca\/grup-rubau-consolida-la-seva-presencia-a-polonia\/#primaryimage","url":"https:\/\/www.rubau.com\/wp-content\/uploads\/2015\/12\/12.gif","contentUrl":"https:\/\/www.rubau.com\/wp-content\/uploads\/2015\/12\/12.gif","width":413,"height":223,"caption":"Carretera de circunvalaci\u00f3n de \u017bywiec, y Puente sobre el r\u00edo Sola. Polonia."},{"@type":"BreadcrumbList","@id":"https:\/\/www.rubau.com\/ca\/grup-rubau-consolida-la-seva-presencia-a-polonia\/#breadcrumb","itemListElement":[{"@type":"ListItem","position":1,"name":"Portada","item":"https:\/\/www.rubau.com\/"},{"@type":"ListItem","position":2,"name":"Grup Rubau consolida la seva pres\u00e8ncia a Pol\u00f2nia"}]},{"@type":"WebSite","@id":"https:\/\/www.rubau.com\/#website","url":"https:\/\/www.rubau.com\/","name":"Rubau","description":"Construccions RUBAU","publisher":{"@id":"https:\/\/www.rubau.com\/#organization"},"potentialAction":[{"@type":"SearchAction","target":{"@type":"EntryPoint","urlTemplate":"https:\/\/www.rubau.com\/?s={search_term_string}"},"query-input":{"@type":"PropertyValueSpecification","valueRequired":true,"valueName":"search_term_string"}}],"inLanguage":"ca"},{"@type":"Organization","@id":"https:\/\/www.rubau.com\/#organization","name":"Rubau","url":"https:\/\/www.rubau.com\/","logo":{"@type":"ImageObject","inLanguage":"ca","@id":"https:\/\/www.rubau.com\/#\/schema\/logo\/image\/","url":"https:\/\/www.rubau.com\/wp-content\/uploads\/2024\/10\/Logo-CONSTRUCCIONS-RUBAU-ES1.png","contentUrl":"https:\/\/www.rubau.com\/wp-content\/uploads\/2024\/10\/Logo-CONSTRUCCIONS-RUBAU-ES1.png","width":1010,"height":200,"caption":"Rubau"},"image":{"@id":"https:\/\/www.rubau.com\/#\/schema\/logo\/image\/"},"sameAs":["https:\/\/www.instagram.com\/construcciones_rubau\/","https:\/\/www.linkedin.com\/company\/construcciones-rubau-s.a."]},{"@type":"Person","@id":"https:\/\/www.rubau.com\/#\/schema\/person\/e3264a55ec7aa20d1e8892d6bdfdf9ec","name":"789maysFi6IJ5pk","image":{"@type":"ImageObject","inLanguage":"ca","@id":"https:\/\/www.rubau.com\/#\/schema\/person\/image\/","url":"https:\/\/secure.gravatar.com\/avatar\/5209968e1586048c9fb84b6d730047ebc5622fca755af8dac8aeacbdbcb85cb0?s=96&d=mm&r=g","contentUrl":"https:\/\/secure.gravatar.com\/avatar\/5209968e1586048c9fb84b6d730047ebc5622fca755af8dac8aeacbdbcb85cb0?s=96&d=mm&r=g","caption":"789maysFi6IJ5pk"},"url":"https:\/\/www.rubau.com\/ca\/author\/789maysfi6ij5pk\/"}]}},"_links":{"self":[{"href":"https:\/\/www.rubau.com\/ca\/wp-json\/wp\/v2\/posts\/679","targetHints":{"allow":["GET"]}}],"collection":[{"href":"https:\/\/www.rubau.com\/ca\/wp-json\/wp\/v2\/posts"}],"about":[{"href":"https:\/\/www.rubau.com\/ca\/wp-json\/wp\/v2\/types\/post"}],"author":[{"embeddable":true,"href":"https:\/\/www.rubau.com\/ca\/wp-json\/wp\/v2\/users\/1"}],"replies":[{"embeddable":true,"href":"https:\/\/www.rubau.com\/ca\/wp-json\/wp\/v2\/comments?post=679"}],"version-history":[{"count":3,"href":"https:\/\/www.rubau.com\/ca\/wp-json\/wp\/v2\/posts\/679\/revisions"}],"predecessor-version":[{"id":1480,"href":"https:\/\/www.rubau.com\/ca\/wp-json\/wp\/v2\/posts\/679\/revisions\/1480"}],"wp:featuredmedia":[{"embeddable":true,"href":"https:\/\/www.rubau.com\/ca\/wp-json\/wp\/v2\/media\/676"}],"wp:attachment":[{"href":"https:\/\/www.rubau.com\/ca\/wp-json\/wp\/v2\/media?parent=679"}],"wp:term":[{"taxonomy":"category","embeddable":true,"href":"https:\/\/www.rubau.com\/ca\/wp-json\/wp\/v2\/categories?post=679"},{"taxonomy":"post_tag","embeddable":true,"href":"https:\/\/www.rubau.com\/ca\/wp-json\/wp\/v2\/tags?post=679"}],"curies":[{"name":"wp","href":"https:\/\/api.w.org\/{rel}","templated":true}]}}